{"id":103656,"date":"2022-08-14T18:30:04","date_gmt":"2022-08-14T16:30:04","guid":{"rendered":"https:\/\/www.emmentaler.ch\/quel-type-de-lait-est-utilise-pour-la-fabrication-de-lemmentaler-aop"},"modified":"2022-12-14T18:30:04","modified_gmt":"2022-12-14T17:30:04","slug":"quel-type-de-lait-est-utilise-pour-la-fabrication-de-lemmentaler-aop","status":"publish","type":"post","link":"https:\/\/www.emmentaler.ch\/fr\/quel-type-de-lait-est-utilise-pour-la-fabrication-de-lemmentaler-aop","title":{"rendered":"Quel type de lait est utilis\u00e9 pour la fabrication de l\u2019Emmentaler AOP?"},"content":{"rendered":"<p>L\u2019Emmentaler AOP est exclusivement fabriqu\u00e9 \u00e0 partir de <a href=\"https:\/\/www.emmentaler.ch\/fr\/artisanat\/producteurs-de-lait-par-passion\" target=\"_blank\" rel=\"noopener\">lait cru frais de vaches<\/a> nourries sans ensilage, c\u2019est-\u00e0-dire qui mangent principalement de l\u2019herbe et du foin. L\u2019utilisation de tout additif ou produit g\u00e9n\u00e9tiquement modifi\u00e9 est interdite conform\u00e9ment au cahier des charges AOP.<\/p>\n","protected":false},"excerpt":{"rendered":"<p>L\u2019Emmentaler AOP est exclusivement fabriqu\u00e9 \u00e0 partir de lait cru frais de vaches nourries sans ensilage, c\u2019est-\u00e0-dire qui mangent principalement de l\u2019herbe et du foin. L\u2019utilisation de tout additif ou produit g\u00e9n\u00e9tiquement modifi\u00e9 est interdite conform\u00e9ment au cahier des charges AOP.<\/p>\n","protected":false},"author":2,"featured_media":58686,"comment_status":"closed","ping_status":"closed","sticky":false,"template":"","format":"standard","meta":{"inline_featured_image":false,"footnotes":""},"categories":[723],"tags":[],"et_countries":[],"acf":[],"_links":{"self":[{"href":"https:\/\/www.emmentaler.ch\/fr\/wp-json\/wp\/v2\/posts\/103656"}],"collection":[{"href":"https:\/\/www.emmentaler.ch\/fr\/wp-json\/wp\/v2\/posts"}],"about":[{"href":"https:\/\/www.emmentaler.ch\/fr\/wp-json\/wp\/v2\/types\/post"}],"author":[{"embeddable":true,"href":"https:\/\/www.emmentaler.ch\/fr\/wp-json\/wp\/v2\/users\/2"}],"replies":[{"embeddable":true,"href":"https:\/\/www.emmentaler.ch\/fr\/wp-json\/wp\/v2\/comments?post=103656"}],"version-history":[{"count":0,"href":"https:\/\/www.emmentaler.ch\/fr\/wp-json\/wp\/v2\/posts\/103656\/revisions"}],"wp:featuredmedia":[{"embeddable":true,"href":"https:\/\/www.emmentaler.ch\/fr\/wp-json\/wp\/v2\/media\/58686"}],"wp:attachment":[{"href":"https:\/\/www.emmentaler.ch\/fr\/wp-json\/wp\/v2\/media?parent=103656"}],"wp:term":[{"taxonomy":"category","embeddable":true,"href":"https:\/\/www.emmentaler.ch\/fr\/wp-json\/wp\/v2\/categories?post=103656"},{"taxonomy":"post_tag","embeddable":true,"href":"https:\/\/www.emmentaler.ch\/fr\/wp-json\/wp\/v2\/tags?post=103656"},{"taxonomy":"et_countries","embeddable":true,"href":"https:\/\/www.emmentaler.ch\/fr\/wp-json\/wp\/v2\/et_countries?post=103656"}],"curies":[{"name":"wp","href":"https:\/\/api.w.org\/{rel}","templated":true}]}}