{"id":103659,"date":"2022-01-14T18:34:39","date_gmt":"2022-01-14T17:34:39","guid":{"rendered":"https:\/\/www.emmentaler.ch\/ou-lemmentaler-aop-est-il-fabrique"},"modified":"2022-12-14T18:34:39","modified_gmt":"2022-12-14T17:34:39","slug":"ou-lemmentaler-aop-est-il-fabrique","status":"publish","type":"post","link":"https:\/\/www.emmentaler.ch\/fr\/ou-lemmentaler-aop-est-il-fabrique","title":{"rendered":"O\u00f9 l\u2019Emmentaler AOP est-il fabriqu\u00e9?"},"content":{"rendered":"<p>Conform\u00e9ment au cahier des charges, la r\u00e9gion de production de l\u2019Emmentaler\u00a0AOP comprend les cantons d\u2019Argovie, de Berne (sans le district de Moutier), de Glaris, de Lucerne, de Schwyz, de Soleure, de Saint-Gall, de Thurgovie, de Zoug et de Zurich ainsi que les districts du Lac et de la Singine du canton de Fribourg.<\/p>\n","protected":false},"excerpt":{"rendered":"<p>Conform\u00e9ment au cahier des charges, la r\u00e9gion de production de l\u2019Emmentaler\u00a0AOP comprend les cantons d\u2019Argovie, de Berne (sans le district de Moutier), de Glaris, de Lucerne, de Schwyz, de Soleure, de Saint-Gall, de Thurgovie, de Zoug et de Zurich ainsi que les districts du Lac et de la Singine du canton de Fribourg.<\/p>\n","protected":false},"author":2,"featured_media":58681,"comment_status":"closed","ping_status":"closed","sticky":false,"template":"","format":"standard","meta":{"inline_featured_image":false,"footnotes":""},"categories":[723],"tags":[],"et_countries":[],"acf":[],"_links":{"self":[{"href":"https:\/\/www.emmentaler.ch\/fr\/wp-json\/wp\/v2\/posts\/103659"}],"collection":[{"href":"https:\/\/www.emmentaler.ch\/fr\/wp-json\/wp\/v2\/posts"}],"about":[{"href":"https:\/\/www.emmentaler.ch\/fr\/wp-json\/wp\/v2\/types\/post"}],"author":[{"embeddable":true,"href":"https:\/\/www.emmentaler.ch\/fr\/wp-json\/wp\/v2\/users\/2"}],"replies":[{"embeddable":true,"href":"https:\/\/www.emmentaler.ch\/fr\/wp-json\/wp\/v2\/comments?post=103659"}],"version-history":[{"count":0,"href":"https:\/\/www.emmentaler.ch\/fr\/wp-json\/wp\/v2\/posts\/103659\/revisions"}],"wp:featuredmedia":[{"embeddable":true,"href":"https:\/\/www.emmentaler.ch\/fr\/wp-json\/wp\/v2\/media\/58681"}],"wp:attachment":[{"href":"https:\/\/www.emmentaler.ch\/fr\/wp-json\/wp\/v2\/media?parent=103659"}],"wp:term":[{"taxonomy":"category","embeddable":true,"href":"https:\/\/www.emmentaler.ch\/fr\/wp-json\/wp\/v2\/categories?post=103659"},{"taxonomy":"post_tag","embeddable":true,"href":"https:\/\/www.emmentaler.ch\/fr\/wp-json\/wp\/v2\/tags?post=103659"},{"taxonomy":"et_countries","embeddable":true,"href":"https:\/\/www.emmentaler.ch\/fr\/wp-json\/wp\/v2\/et_countries?post=103659"}],"curies":[{"name":"wp","href":"https:\/\/api.w.org\/{rel}","templated":true}]}}