{"id":118164,"date":"2023-03-30T11:53:46","date_gmt":"2023-03-30T09:53:46","guid":{"rendered":"https:\/\/www.emmentaler.ch\/5-conseils-et-astuces-pour-lutter-contre-le-gaspillage-alimentaire"},"modified":"2023-04-05T15:39:05","modified_gmt":"2023-04-05T13:39:05","slug":"5-conseils-et-astuces-pour-lutter-contre-le-gaspillage-alimentaire","status":"publish","type":"post","link":"https:\/\/www.emmentaler.ch\/fr\/5-conseils-et-astuces-pour-lutter-contre-le-gaspillage-alimentaire","title":{"rendered":"5 conseils et astuces pour lutter contre le gaspillage alimentaire"},"content":{"rendered":"<h3>Unis contre le gaspillage alimentaire.<\/h3>\n<p>Prolongez la dur\u00e9e de conservation du fromage avec cinq conseils et astuces simples.<br \/>\nNous jetons bien trop vite des aliments qui sont parfois encore propres \u00e0 la consommation. Voici donc quelques conseils pour stocker et prolonger la dur\u00e9e de conservation de l\u2019Emmentaler AOP.<\/p>\n<p><strong>Fromage r\u00e2p\u00e9:<\/strong><\/p>\n<p><strong>1.<\/strong> Il est possible de congeler le fromage r\u00e2p\u00e9 pour le conserver plus longtemps. La dur\u00e9e de conservation est ainsi consid\u00e9rablement rallong\u00e9e et le go\u00fbt est pr\u00e9serv\u00e9.<\/p>\n<p><strong>2.<\/strong> Le fromage r\u00e2p\u00e9 peut servir \u00e0 faire un <a href=\"https:\/\/www.emmentaler.ch\/fr\/recettes\/gateau-au-fromage-et-au-poireau\" target=\"_blank\" rel=\"noopener\">g\u00e2teau au fromage<\/a> ou un <a href=\"https:\/\/www.emmentaler.ch\/fr\/recettes\/gratin-de-printemps-avec-croute-de-fromage-aux-noisettes\" target=\"_blank\" rel=\"noopener\">bon gratin<\/a>. Il peut \u00e9galement \u00eatre utilis\u00e9 pour agr\u00e9menter votre plat de p\u00e2tes pr\u00e9f\u00e9r\u00e9. Si l\u2019aspect d\u2019une partie du fromage change, avec l\u2019apparition de taches blanches, il suffit de les couper pour utiliser normalement le reste du fromage r\u00e2p\u00e9.<\/p>\n<p>&nbsp;<\/p>\n<p style=\"font-weight: 400\"><strong>Morceau de fromage:<\/strong><\/p>\n<p><strong>3.\u00a0<\/strong>Stocker le fromage non emball\u00e9 dans une bo\u00eete de conservation ou une toile cir\u00e9e. Votre fromage sera ainsi \u00e0 nouveau prot\u00e9g\u00e9 de mani\u00e8re herm\u00e9tique une fois sorti de son emballage et se conservera donc plus longtemps.<\/p>\n<p><strong>4.\u00a0<\/strong><span lang=\"FR-CH\">Faites attention \u00e0 ne pas mettre les fromages \u00e0 p\u00e2te dure et \u00e0 p\u00e2te molle dans la m\u00eame bo\u00eete, car ils pourraient moisir.<br \/>\nSi vous avez un appareil de mise sous vide, vous pouvez refermer herm\u00e9tiquement l\u2019Emmentaler AOP ou tout autre fromage et le conserver ainsi au r\u00e9frig\u00e9rateur. L\u00e0 aussi, la dur\u00e9e de conservation est automatiquement prolong\u00e9e.<\/span><\/p>\n<div><span lang=\"FR-CH\"><strong>5.<\/strong> Si l\u2019aspect du fromage \u00e0 p\u00e2te dure change et que de petites taches blanches se forment \u00e0 la surface, il suffit de les couper. Le reste du fromage peut \u00eatre consomm\u00e9 sans crainte. \u00a0Vous pouvez par exemple couper le morceau restant en d\u00e9s, puis l\u2019utiliser dans une\u00a0<\/span><span lang=\"FR-CH\"><a href=\"https:\/\/www.emmentaler.ch\/fr\/recettes\/salade-originale-au-fromage-et-au-cervelas\" target=\"_blank\" rel=\"noopener\"><b>salade de cervelas et fromage <\/b><\/a><\/span><span lang=\"FR-CH\">ou comme petit en-cas \u00e0 partager entre amis.<\/span><\/div>\n<p>&nbsp;<\/p>\n<p><img loading=\"lazy\" decoding=\"async\" class=\"aligncenter size-full wp-image-117331\" src=\"https:\/\/www.emmentaler.ch\/wp-content\/uploads\/2023\/03\/Haltbarkeit_ES_Foodwaste.jpg\" alt=\"\" width=\"1440\" height=\"900\" srcset=\"https:\/\/www.emmentaler.ch\/wp-content\/uploads\/2023\/03\/Haltbarkeit_ES_Foodwaste.jpg 1440w, https:\/\/www.emmentaler.ch\/wp-content\/uploads\/2023\/03\/Haltbarkeit_ES_Foodwaste-300x188.jpg 300w, https:\/\/www.emmentaler.ch\/wp-content\/uploads\/2023\/03\/Haltbarkeit_ES_Foodwaste-1024x640.jpg 1024w, https:\/\/www.emmentaler.ch\/wp-content\/uploads\/2023\/03\/Haltbarkeit_ES_Foodwaste-768x480.jpg 768w\" sizes=\"(max-width: 1440px) 100vw, 1440px\" \/><\/p>\n<p style=\"font-weight: 400\">Nous esp\u00e9rons vous avoir un peu aid\u00e9 \u00e0 combattre le gaspillage alimentaire au quotidien et \u00e0 prolonger la comestibilit\u00e9 de l\u2019Emmentaler AOP. Bon app\u00e9tit.<\/p>\n","protected":false},"excerpt":{"rendered":"<p>Unis contre le gaspillage alimentaire. Prolongez la dur\u00e9e de conservation du fromage avec cinq conseils et astuces simples. Nous jetons bien trop vite des aliments qui sont parfois encore propres \u00e0 la consommation. Voici donc quelques conseils pour stocker et prolonger la dur\u00e9e de conservation de l\u2019Emmentaler AOP. Fromage r\u00e2p\u00e9: 1. Il est possible de [&hellip;]<\/p>\n","protected":false},"author":6,"featured_media":102232,"comment_status":"closed","ping_status":"closed","sticky":false,"template":"","format":"standard","meta":{"inline_featured_image":false,"footnotes":""},"categories":[17],"tags":[],"et_countries":[],"acf":{"additional_infos_teaser_title":"L'Emmentaler AOP se conserve plus longtemps qu'on ne le pense","additional_infos_related_contents":null,"veroffentlichungsdatum":""},"_links":{"self":[{"href":"https:\/\/www.emmentaler.ch\/fr\/wp-json\/wp\/v2\/posts\/118164"}],"collection":[{"href":"https:\/\/www.emmentaler.ch\/fr\/wp-json\/wp\/v2\/posts"}],"about":[{"href":"https:\/\/www.emmentaler.ch\/fr\/wp-json\/wp\/v2\/types\/post"}],"author":[{"embeddable":true,"href":"https:\/\/www.emmentaler.ch\/fr\/wp-json\/wp\/v2\/users\/6"}],"replies":[{"embeddable":true,"href":"https:\/\/www.emmentaler.ch\/fr\/wp-json\/wp\/v2\/comments?post=118164"}],"version-history":[{"count":0,"href":"https:\/\/www.emmentaler.ch\/fr\/wp-json\/wp\/v2\/posts\/118164\/revisions"}],"wp:featuredmedia":[{"embeddable":true,"href":"https:\/\/www.emmentaler.ch\/fr\/wp-json\/wp\/v2\/media\/102232"}],"wp:attachment":[{"href":"https:\/\/www.emmentaler.ch\/fr\/wp-json\/wp\/v2\/media?parent=118164"}],"wp:term":[{"taxonomy":"category","embeddable":true,"href":"https:\/\/www.emmentaler.ch\/fr\/wp-json\/wp\/v2\/categories?post=118164"},{"taxonomy":"post_tag","embeddable":true,"href":"https:\/\/www.emmentaler.ch\/fr\/wp-json\/wp\/v2\/tags?post=118164"},{"taxonomy":"et_countries","embeddable":true,"href":"https:\/\/www.emmentaler.ch\/fr\/wp-json\/wp\/v2\/et_countries?post=118164"}],"curies":[{"name":"wp","href":"https:\/\/api.w.org\/{rel}","templated":true}]}}