{"id":134364,"date":"2024-01-08T11:00:47","date_gmt":"2024-01-08T10:00:47","guid":{"rendered":"https:\/\/www.emmentaler.ch\/?p=134364"},"modified":"2024-01-09T09:38:40","modified_gmt":"2024-01-09T08:38:40","slug":"foire-aux-fromages-cheeseaffair","status":"publish","type":"post","link":"https:\/\/www.emmentaler.ch\/fr\/foire-aux-fromages-cheeseaffair","title":{"rendered":"Foire aux fromages Cheeseaffair"},"content":{"rendered":"<p><strong>Cheeseaffair &#8211; Journ\u00e9es nationales du commerce du fromage suisse<\/strong><\/p>\n<p><span class=\"wixui-rich-text__text\">Cheeseaffair est la nouvelle plate-forme nationale pour le fromage suisse aura lieu du lundi 29 au mardi 30 janvier 2024 \u00e0 l&rsquo;alte Reithalle \u00e0 Aarau. La Cheeseaffair s&rsquo;adresse aux sp<\/span><span class=\"wixui-rich-text__text\">\u00e9<\/span><span class=\"wixui-rich-text__text\">cialistes du commerce de gros et de d<\/span><span class=\"wixui-rich-text__text\">\u00e9<\/span><span class=\"wixui-rich-text__text\">tail en Suisse et \u00e0 l&rsquo;\u00e9tranger ainsi qu&rsquo;\u00e0 la gastronomie<\/span><\/p>\n<p><span class=\"wixui-rich-text__text\">Ce concept d&rsquo;<\/span><span class=\"wixui-rich-text__text\">\u00e9<\/span><span class=\"wixui-rich-text__text\">v<\/span><span class=\"wixui-rich-text__text\">\u00e9<\/span><span class=\"wixui-rich-text__text\">nement innovant et charmant offre aux exposants une plate-forme attrayante et efficace pour la commercialisation du fromage suisse<\/span><\/p>\n<p>Quelques fromageries d&rsquo;Emmentaler AOP et des fabricants de fromage d&rsquo;Emmentaler Switzerland sont de la partie.<\/p>\n<p>Les visiteurs du Cheeseaffair d\u00e9couvrent la culture fromag\u00e9re suisse et d\u00e9couvrent la plus grande vari\u00e9t\u00e9 de fromages de toutes les r\u00e9gions de Suisse. Les visiteurs peuvent se faire conseiller directement par les producteurs, d\u00e9guster des fromages et participer \u00e0 des conf\u00e9rences et ateliers.<\/p>\n<p>Plus d&rsquo;informations sur la foire aux fromages <a href=\"https:\/\/www.cheeseaffair.ch\/\" target=\"_blank\" rel=\"noopener nofollow\">Cheeseaffair.<\/a><\/p>\n<p>&nbsp;<\/p>\n<p>&nbsp;<\/p>\n<p>&nbsp;<\/p>\n<p>&nbsp;<\/p>\n<p>&nbsp;<\/p>\n<p>&nbsp;<\/p>\n<p>&nbsp;<\/p>\n<p>&nbsp;<\/p>\n<p>&nbsp;<\/p>\n<p>&nbsp;<\/p>\n<p>&nbsp;<\/p>\n<p>&nbsp;<\/p>\n<p>&nbsp;<\/p>\n<p>&nbsp;<\/p>\n","protected":false},"excerpt":{"rendered":"<p>Cheeseaffair &#8211; Journ\u00e9es nationales du commerce du fromage suisse Cheeseaffair est la nouvelle plate-forme nationale pour le fromage suisse aura lieu du lundi 29 au mardi 30 janvier 2024 \u00e0 l&rsquo;alte Reithalle \u00e0 Aarau. La Cheeseaffair s&rsquo;adresse aux sp\u00e9cialistes du commerce de gros et de d\u00e9tail en Suisse et \u00e0 l&rsquo;\u00e9tranger ainsi qu&rsquo;\u00e0 la gastronomie [&hellip;]<\/p>\n","protected":false},"author":17,"featured_media":134352,"comment_status":"closed","ping_status":"closed","sticky":false,"template":"","format":"standard","meta":{"inline_featured_image":false,"footnotes":""},"categories":[17],"tags":[],"et_countries":[],"acf":{"additional_infos_teaser_title":"Journ\u00e9es nationales du commerce du fromage suisse","additional_infos_related_contents":null,"veroffentlichungsdatum":"8. janvier 2024"},"_links":{"self":[{"href":"https:\/\/www.emmentaler.ch\/fr\/wp-json\/wp\/v2\/posts\/134364"}],"collection":[{"href":"https:\/\/www.emmentaler.ch\/fr\/wp-json\/wp\/v2\/posts"}],"about":[{"href":"https:\/\/www.emmentaler.ch\/fr\/wp-json\/wp\/v2\/types\/post"}],"author":[{"embeddable":true,"href":"https:\/\/www.emmentaler.ch\/fr\/wp-json\/wp\/v2\/users\/17"}],"replies":[{"embeddable":true,"href":"https:\/\/www.emmentaler.ch\/fr\/wp-json\/wp\/v2\/comments?post=134364"}],"version-history":[{"count":1,"href":"https:\/\/www.emmentaler.ch\/fr\/wp-json\/wp\/v2\/posts\/134364\/revisions"}],"predecessor-version":[{"id":134365,"href":"https:\/\/www.emmentaler.ch\/fr\/wp-json\/wp\/v2\/posts\/134364\/revisions\/134365"}],"wp:featuredmedia":[{"embeddable":true,"href":"https:\/\/www.emmentaler.ch\/fr\/wp-json\/wp\/v2\/media\/134352"}],"wp:attachment":[{"href":"https:\/\/www.emmentaler.ch\/fr\/wp-json\/wp\/v2\/media?parent=134364"}],"wp:term":[{"taxonomy":"category","embeddable":true,"href":"https:\/\/www.emmentaler.ch\/fr\/wp-json\/wp\/v2\/categories?post=134364"},{"taxonomy":"post_tag","embeddable":true,"href":"https:\/\/www.emmentaler.ch\/fr\/wp-json\/wp\/v2\/tags?post=134364"},{"taxonomy":"et_countries","embeddable":true,"href":"https:\/\/www.emmentaler.ch\/fr\/wp-json\/wp\/v2\/et_countries?post=134364"}],"curies":[{"name":"wp","href":"https:\/\/api.w.org\/{rel}","templated":true}]}}