{"id":135366,"date":"2024-03-22T13:15:17","date_gmt":"2024-03-22T12:15:17","guid":{"rendered":"https:\/\/www.emmentaler.ch\/rennes"},"modified":"2024-07-03T13:04:04","modified_gmt":"2024-07-03T11:04:04","slug":"cheesy-inspiration-rennes","status":"publish","type":"post","link":"https:\/\/www.emmentaler.ch\/fr\/cheesy-inspiration-rennes","title":{"rendered":"Rennes"},"content":{"rendered":"<p>Transformez en moment festif votre plateau de fromages de l\u2019Avent garni de rennes en Emmentaler! Coupez l\u2019Emmentaler\u00a0AOP en tranches \u00e9paisses et formez des triangles allong\u00e9s. Les bretzels sal\u00e9s forment les bois, le persil la fourrure sur la t\u00eate des rennes,<ins>\u00a0le fromage frais et<\/ins>\u00a0les grains de poivre les yeux et le piment le nez. Pour ajouter encore plus de couleur, optez pour des piments jalape\u00f1os rouges fourr\u00e9s au fromage frais.<\/p>\n","protected":false},"excerpt":{"rendered":"<p>Transformez en moment festif votre plateau de fromages de l\u2019Avent garni de rennes en Emmentaler! Coupez l\u2019Emmentaler\u00a0AOP en tranches \u00e9paisses et formez des triangles allong\u00e9s. Les bretzels sal\u00e9s forment les bois, le persil la fourrure sur la t\u00eate des rennes,\u00a0le fromage frais et\u00a0les grains de poivre les yeux et le piment le nez. Pour ajouter [&hellip;]<\/p>\n","protected":false},"author":2,"featured_media":133969,"comment_status":"closed","ping_status":"closed","sticky":false,"template":"","format":"standard","meta":{"inline_featured_image":false,"footnotes":""},"categories":[784,785],"tags":[],"et_countries":[],"acf":[],"_links":{"self":[{"href":"https:\/\/www.emmentaler.ch\/fr\/wp-json\/wp\/v2\/posts\/135366"}],"collection":[{"href":"https:\/\/www.emmentaler.ch\/fr\/wp-json\/wp\/v2\/posts"}],"about":[{"href":"https:\/\/www.emmentaler.ch\/fr\/wp-json\/wp\/v2\/types\/post"}],"author":[{"embeddable":true,"href":"https:\/\/www.emmentaler.ch\/fr\/wp-json\/wp\/v2\/users\/2"}],"replies":[{"embeddable":true,"href":"https:\/\/www.emmentaler.ch\/fr\/wp-json\/wp\/v2\/comments?post=135366"}],"version-history":[{"count":1,"href":"https:\/\/www.emmentaler.ch\/fr\/wp-json\/wp\/v2\/posts\/135366\/revisions"}],"predecessor-version":[{"id":135566,"href":"https:\/\/www.emmentaler.ch\/fr\/wp-json\/wp\/v2\/posts\/135366\/revisions\/135566"}],"wp:featuredmedia":[{"embeddable":true,"href":"https:\/\/www.emmentaler.ch\/fr\/wp-json\/wp\/v2\/media\/133969"}],"wp:attachment":[{"href":"https:\/\/www.emmentaler.ch\/fr\/wp-json\/wp\/v2\/media?parent=135366"}],"wp:term":[{"taxonomy":"category","embeddable":true,"href":"https:\/\/www.emmentaler.ch\/fr\/wp-json\/wp\/v2\/categories?post=135366"},{"taxonomy":"post_tag","embeddable":true,"href":"https:\/\/www.emmentaler.ch\/fr\/wp-json\/wp\/v2\/tags?post=135366"},{"taxonomy":"et_countries","embeddable":true,"href":"https:\/\/www.emmentaler.ch\/fr\/wp-json\/wp\/v2\/et_countries?post=135366"}],"curies":[{"name":"wp","href":"https:\/\/api.w.org\/{rel}","templated":true}]}}