{"id":135367,"date":"2024-03-22T13:16:14","date_gmt":"2024-03-22T12:16:14","guid":{"rendered":"https:\/\/www.emmentaler.ch\/bonshommes-de-neige"},"modified":"2024-07-03T13:01:58","modified_gmt":"2024-07-03T11:01:58","slug":"cheesy-inspiration-bonshommes-de-neige","status":"publish","type":"post","link":"https:\/\/www.emmentaler.ch\/fr\/cheesy-inspiration-bonshommes-de-neige","title":{"rendered":"Bonshommes de neige"},"content":{"rendered":"<p>Les bonshommes de neige apportent l\u2019hiver sur la table: il suffit de d\u00e9couper des cercles de fromage de diff\u00e9rentes tailles \u00e0 l\u2019emporte-pi\u00e8ce et de les empiler. Les rondelles de pain et de concombre se transforment en \u00e9charpe, les b\u00e2tonnets sal\u00e9s servent de bras. Un piment pour le nez et des grains de poivre noir pour les yeux. Pour apporter une touche verte, vous pouvez utiliser du persil en guise de balai et un demi-radis avec une tige comme chapeau.<\/p>\n","protected":false},"excerpt":{"rendered":"<p>Les bonshommes de neige apportent l\u2019hiver sur la table: il suffit de d\u00e9couper des cercles de fromage de diff\u00e9rentes tailles \u00e0 l\u2019emporte-pi\u00e8ce et de les empiler. Les rondelles de pain et de concombre se transforment en \u00e9charpe, les b\u00e2tonnets sal\u00e9s servent de bras. Un piment pour le nez et des grains de poivre noir pour [&hellip;]<\/p>\n","protected":false},"author":2,"featured_media":133974,"comment_status":"closed","ping_status":"closed","sticky":false,"template":"","format":"standard","meta":{"inline_featured_image":false,"footnotes":""},"categories":[784,785],"tags":[],"et_countries":[],"acf":[],"_links":{"self":[{"href":"https:\/\/www.emmentaler.ch\/fr\/wp-json\/wp\/v2\/posts\/135367"}],"collection":[{"href":"https:\/\/www.emmentaler.ch\/fr\/wp-json\/wp\/v2\/posts"}],"about":[{"href":"https:\/\/www.emmentaler.ch\/fr\/wp-json\/wp\/v2\/types\/post"}],"author":[{"embeddable":true,"href":"https:\/\/www.emmentaler.ch\/fr\/wp-json\/wp\/v2\/users\/2"}],"replies":[{"embeddable":true,"href":"https:\/\/www.emmentaler.ch\/fr\/wp-json\/wp\/v2\/comments?post=135367"}],"version-history":[{"count":1,"href":"https:\/\/www.emmentaler.ch\/fr\/wp-json\/wp\/v2\/posts\/135367\/revisions"}],"predecessor-version":[{"id":137614,"href":"https:\/\/www.emmentaler.ch\/fr\/wp-json\/wp\/v2\/posts\/135367\/revisions\/137614"}],"wp:featuredmedia":[{"embeddable":true,"href":"https:\/\/www.emmentaler.ch\/fr\/wp-json\/wp\/v2\/media\/133974"}],"wp:attachment":[{"href":"https:\/\/www.emmentaler.ch\/fr\/wp-json\/wp\/v2\/media?parent=135367"}],"wp:term":[{"taxonomy":"category","embeddable":true,"href":"https:\/\/www.emmentaler.ch\/fr\/wp-json\/wp\/v2\/categories?post=135367"},{"taxonomy":"post_tag","embeddable":true,"href":"https:\/\/www.emmentaler.ch\/fr\/wp-json\/wp\/v2\/tags?post=135367"},{"taxonomy":"et_countries","embeddable":true,"href":"https:\/\/www.emmentaler.ch\/fr\/wp-json\/wp\/v2\/et_countries?post=135367"}],"curies":[{"name":"wp","href":"https:\/\/api.w.org\/{rel}","templated":true}]}}