{"id":135368,"date":"2024-03-22T13:17:12","date_gmt":"2024-03-22T12:17:12","guid":{"rendered":"https:\/\/www.emmentaler.ch\/sapins-de-noel"},"modified":"2024-07-03T12:59:43","modified_gmt":"2024-07-03T10:59:43","slug":"cheesy-inspiration-sapins-de-noel","status":"publish","type":"post","link":"https:\/\/www.emmentaler.ch\/fr\/cheesy-inspiration-sapins-de-noel","title":{"rendered":"Sapins de No\u00ebl"},"content":{"rendered":"<p>Embellissez les journ\u00e9es d\u2019hiver gr\u00e2ce aux sapins de No\u00ebl en fromage: il suffit de d\u00e9couper \u00e0 l\u2019emporte-pi\u00e8ce des \u00e9toiles de diff\u00e9rentes tailles dans des tranches d\u2019Emmentaler\u00a0AOP et de les superposer. Garnissez d\u2019oignons hach\u00e9s, de persil, de poivre ou d\u2019autres \u00e9pices selon les go\u00fbts. Pour une touche de vert, ajoutez une petite \u00e9toile en concombre sur le dessus et votre d\u00e9licieux sapin de No\u00ebl est pr\u00eat!<\/p>\n","protected":false},"excerpt":{"rendered":"<p>Embellissez les journ\u00e9es d\u2019hiver gr\u00e2ce aux sapins de No\u00ebl en fromage: il suffit de d\u00e9couper \u00e0 l\u2019emporte-pi\u00e8ce des \u00e9toiles de diff\u00e9rentes tailles dans des tranches d\u2019Emmentaler\u00a0AOP et de les superposer. Garnissez d\u2019oignons hach\u00e9s, de persil, de poivre ou d\u2019autres \u00e9pices selon les go\u00fbts. Pour une touche de vert, ajoutez une petite \u00e9toile en concombre sur [&hellip;]<\/p>\n","protected":false},"author":2,"featured_media":133800,"comment_status":"closed","ping_status":"closed","sticky":false,"template":"","format":"standard","meta":{"inline_featured_image":false,"footnotes":""},"categories":[784,785],"tags":[],"et_countries":[],"acf":[],"_links":{"self":[{"href":"https:\/\/www.emmentaler.ch\/fr\/wp-json\/wp\/v2\/posts\/135368"}],"collection":[{"href":"https:\/\/www.emmentaler.ch\/fr\/wp-json\/wp\/v2\/posts"}],"about":[{"href":"https:\/\/www.emmentaler.ch\/fr\/wp-json\/wp\/v2\/types\/post"}],"author":[{"embeddable":true,"href":"https:\/\/www.emmentaler.ch\/fr\/wp-json\/wp\/v2\/users\/2"}],"replies":[{"embeddable":true,"href":"https:\/\/www.emmentaler.ch\/fr\/wp-json\/wp\/v2\/comments?post=135368"}],"version-history":[{"count":1,"href":"https:\/\/www.emmentaler.ch\/fr\/wp-json\/wp\/v2\/posts\/135368\/revisions"}],"predecessor-version":[{"id":135384,"href":"https:\/\/www.emmentaler.ch\/fr\/wp-json\/wp\/v2\/posts\/135368\/revisions\/135384"}],"wp:featuredmedia":[{"embeddable":true,"href":"https:\/\/www.emmentaler.ch\/fr\/wp-json\/wp\/v2\/media\/133800"}],"wp:attachment":[{"href":"https:\/\/www.emmentaler.ch\/fr\/wp-json\/wp\/v2\/media?parent=135368"}],"wp:term":[{"taxonomy":"category","embeddable":true,"href":"https:\/\/www.emmentaler.ch\/fr\/wp-json\/wp\/v2\/categories?post=135368"},{"taxonomy":"post_tag","embeddable":true,"href":"https:\/\/www.emmentaler.ch\/fr\/wp-json\/wp\/v2\/tags?post=135368"},{"taxonomy":"et_countries","embeddable":true,"href":"https:\/\/www.emmentaler.ch\/fr\/wp-json\/wp\/v2\/et_countries?post=135368"}],"curies":[{"name":"wp","href":"https:\/\/api.w.org\/{rel}","templated":true}]}}