{"id":135369,"date":"2024-03-22T13:18:15","date_gmt":"2024-03-22T12:18:15","guid":{"rendered":"https:\/\/www.emmentaler.ch\/plateau-de-fromages"},"modified":"2024-07-03T12:57:40","modified_gmt":"2024-07-03T10:57:40","slug":"cheesy-inspiration-plateau-de-fromages","status":"publish","type":"post","link":"https:\/\/www.emmentaler.ch\/fr\/cheesy-inspiration-plateau-de-fromages","title":{"rendered":"Plateau de fromages"},"content":{"rendered":"<p>Pour No\u00ebl, surprenez vos invit\u00e9s avec un plateau de fromages irr\u00e9sistible \u00e0 base d\u2019Emmentaler\u00a0AOP. Cr\u00e9ez une \u00e9toile \u00e0 l\u2019aide d\u2019une \u00e9paisse tranche de fromage en disposant cinq triangles autour d\u2019une sauce ou d\u2019une sauce \u00e0 la moutarde. Garnissez d\u2019\u00e9pices, de fruits secs et de viande selon les envies. Bien s\u00fbr, ne faites pas l\u2019impasse sur quelques fl\u00fbtes croustillantes ou sticks sal\u00e9s. Joyeux No\u00ebl et bon app\u00e9tit!<\/p>\n","protected":false},"excerpt":{"rendered":"<p>Pour No\u00ebl, surprenez vos invit\u00e9s avec un plateau de fromages irr\u00e9sistible \u00e0 base d\u2019Emmentaler\u00a0AOP. Cr\u00e9ez une \u00e9toile \u00e0 l\u2019aide d\u2019une \u00e9paisse tranche de fromage en disposant cinq triangles autour d\u2019une sauce ou d\u2019une sauce \u00e0 la moutarde. Garnissez d\u2019\u00e9pices, de fruits secs et de viande selon les envies. Bien s\u00fbr, ne faites pas l\u2019impasse sur [&hellip;]<\/p>\n","protected":false},"author":2,"featured_media":133979,"comment_status":"closed","ping_status":"closed","sticky":false,"template":"","format":"standard","meta":{"inline_featured_image":false,"footnotes":""},"categories":[784,785],"tags":[],"et_countries":[],"acf":[],"_links":{"self":[{"href":"https:\/\/www.emmentaler.ch\/fr\/wp-json\/wp\/v2\/posts\/135369"}],"collection":[{"href":"https:\/\/www.emmentaler.ch\/fr\/wp-json\/wp\/v2\/posts"}],"about":[{"href":"https:\/\/www.emmentaler.ch\/fr\/wp-json\/wp\/v2\/types\/post"}],"author":[{"embeddable":true,"href":"https:\/\/www.emmentaler.ch\/fr\/wp-json\/wp\/v2\/users\/2"}],"replies":[{"embeddable":true,"href":"https:\/\/www.emmentaler.ch\/fr\/wp-json\/wp\/v2\/comments?post=135369"}],"version-history":[{"count":2,"href":"https:\/\/www.emmentaler.ch\/fr\/wp-json\/wp\/v2\/posts\/135369\/revisions"}],"predecessor-version":[{"id":137380,"href":"https:\/\/www.emmentaler.ch\/fr\/wp-json\/wp\/v2\/posts\/135369\/revisions\/137380"}],"wp:featuredmedia":[{"embeddable":true,"href":"https:\/\/www.emmentaler.ch\/fr\/wp-json\/wp\/v2\/media\/133979"}],"wp:attachment":[{"href":"https:\/\/www.emmentaler.ch\/fr\/wp-json\/wp\/v2\/media?parent=135369"}],"wp:term":[{"taxonomy":"category","embeddable":true,"href":"https:\/\/www.emmentaler.ch\/fr\/wp-json\/wp\/v2\/categories?post=135369"},{"taxonomy":"post_tag","embeddable":true,"href":"https:\/\/www.emmentaler.ch\/fr\/wp-json\/wp\/v2\/tags?post=135369"},{"taxonomy":"et_countries","embeddable":true,"href":"https:\/\/www.emmentaler.ch\/fr\/wp-json\/wp\/v2\/et_countries?post=135369"}],"curies":[{"name":"wp","href":"https:\/\/api.w.org\/{rel}","templated":true}]}}