{"id":135568,"date":"2024-03-25T11:41:30","date_gmt":"2024-03-25T10:41:30","guid":{"rendered":"https:\/\/www.emmentaler.ch\/batonnets-de-fromage"},"modified":"2024-07-03T12:55:26","modified_gmt":"2024-07-03T10:55:26","slug":"cheesy-inspiration-gateau-special-fete-des-meres","status":"publish","type":"post","link":"https:\/\/www.emmentaler.ch\/fr\/cheesy-inspiration-gateau-special-fete-des-meres","title":{"rendered":"G\u00e2teau sp\u00e9cial f\u00eate des m\u00e8res"},"content":{"rendered":"<p>les roses que l\u2019on offre \u00e0 la f\u00eate des m\u00e8res sont belles, mais elles ont un inconv\u00e9nient: elles ne sont pas comestibles. Le g\u00e2teau sp\u00e9cial f\u00eate des m\u00e8res \u00e0 base d\u2019Emmentaler AOP est un v\u00e9ritable d\u00e9lice et attire irr\u00e9sistiblement tous les regards. Vous n\u2019avez jamais surpris votre maman de la sorte.<\/p>\n<p>D\u00e9coupez un grand cercle dans un morceau d\u2019Emmentaler AOP de 2 cm d\u2019\u00e9paisseur environ et posez- le sur un plat \u00e0 g\u00e2teau. Garnissez ensuite la base du g\u00e2teau avec un concombre d\u00e9coup\u00e9 en fines rondelles.<\/p>\n<p>Pour le deuxi\u00e8me \u00e9tage, vous avez besoin d\u2019un cercle de fromage plus petit. Posez-le sur le concombre avant de le garnir avec de fines rondelles de radis. Pour terminer, d\u00e9coupez un troisi\u00e8me cercle encore plus petit dans un morceau d\u2019Emmentaler AOP et posez-le sur les radis.<\/p>\n<p>\u00c0 pr\u00e9sent, vous pouvez d\u00e9couper un gros c\u0153ur dans un poivron rouge et le piquer en haut du g\u00e2teau \u00e0 l\u2019aide d\u2019un cure-dents. D\u00e9corez votre g\u00e2teau de f\u00eate des m\u00e8res \u00e0 votre guise avec des fruits frais, des jeunes pousses ou des crackers. Le g\u00e2teau peut \u00eatre servi avec un accompagnement sucr\u00e9, comme du miel ou de la confiture.<\/p>\n<p>Tous nos v\u0153ux pour la f\u00eate des m\u00e8res<\/p>\n","protected":false},"excerpt":{"rendered":"<p>les roses que l\u2019on offre \u00e0 la f\u00eate des m\u00e8res sont belles, mais elles ont un inconv\u00e9nient: elles ne sont pas comestibles. Le g\u00e2teau sp\u00e9cial f\u00eate des m\u00e8res \u00e0 base d\u2019Emmentaler AOP est un v\u00e9ritable d\u00e9lice et attire irr\u00e9sistiblement tous les regards. Vous n\u2019avez jamais surpris votre maman de la sorte. D\u00e9coupez un grand cercle [&hellip;]<\/p>\n","protected":false},"author":2,"featured_media":136627,"comment_status":"closed","ping_status":"closed","sticky":false,"template":"","format":"standard","meta":{"inline_featured_image":false,"footnotes":""},"categories":[808],"tags":[],"et_countries":[],"acf":{"additional_infos_teaser_title":"","additional_infos_related_contents":null},"_links":{"self":[{"href":"https:\/\/www.emmentaler.ch\/fr\/wp-json\/wp\/v2\/posts\/135568"}],"collection":[{"href":"https:\/\/www.emmentaler.ch\/fr\/wp-json\/wp\/v2\/posts"}],"about":[{"href":"https:\/\/www.emmentaler.ch\/fr\/wp-json\/wp\/v2\/types\/post"}],"author":[{"embeddable":true,"href":"https:\/\/www.emmentaler.ch\/fr\/wp-json\/wp\/v2\/users\/2"}],"replies":[{"embeddable":true,"href":"https:\/\/www.emmentaler.ch\/fr\/wp-json\/wp\/v2\/comments?post=135568"}],"version-history":[{"count":4,"href":"https:\/\/www.emmentaler.ch\/fr\/wp-json\/wp\/v2\/posts\/135568\/revisions"}],"predecessor-version":[{"id":137607,"href":"https:\/\/www.emmentaler.ch\/fr\/wp-json\/wp\/v2\/posts\/135568\/revisions\/137607"}],"wp:featuredmedia":[{"embeddable":true,"href":"https:\/\/www.emmentaler.ch\/fr\/wp-json\/wp\/v2\/media\/136627"}],"wp:attachment":[{"href":"https:\/\/www.emmentaler.ch\/fr\/wp-json\/wp\/v2\/media?parent=135568"}],"wp:term":[{"taxonomy":"category","embeddable":true,"href":"https:\/\/www.emmentaler.ch\/fr\/wp-json\/wp\/v2\/categories?post=135568"},{"taxonomy":"post_tag","embeddable":true,"href":"https:\/\/www.emmentaler.ch\/fr\/wp-json\/wp\/v2\/tags?post=135568"},{"taxonomy":"et_countries","embeddable":true,"href":"https:\/\/www.emmentaler.ch\/fr\/wp-json\/wp\/v2\/et_countries?post=135568"}],"curies":[{"name":"wp","href":"https:\/\/api.w.org\/{rel}","templated":true}]}}