{"id":136838,"date":"2024-05-27T12:07:27","date_gmt":"2024-05-27T10:07:27","guid":{"rendered":"https:\/\/www.emmentaler.ch\/?p=136838"},"modified":"2024-05-27T12:15:25","modified_gmt":"2024-05-27T10:15:25","slug":"chaes-griller","status":"publish","type":"post","link":"https:\/\/www.emmentaler.ch\/fr\/chaes-griller","title":{"rendered":"\u00ab\u00a0Ch\u00e4s-Griller\u00a0\u00bb \u00e0 partager"},"content":{"rendered":"<h2>Les nouveaux \u00abfromages \u00e0 griller\u00bb \u00e0 l\u2019Emmentaler\u00a0AOP marquent l\u2019ouverture de la saison des grillades<\/h2>\n<p>&nbsp;<\/p>\n<p><strong>Les amateurs de grillades se r\u00e9jouissent \u00e0 l\u2019id\u00e9e de partager de nouvelles saveurs avec l\u2019Emmentaler\u00a0AOP: les \u00abfromages \u00e0 griller\u00bb envahissent d\u00e9sormais les barbecues suisses. Cette d\u00e9licieuse sp\u00e9cialit\u00e9 fromag\u00e8re est disponible sous forme de \u00abfromage grill\u00e9\u00bb en pack de deux ou de \u00abmini fromage grill\u00e9\u00bb en pack de six, dans les variantes \u00abnature\u00bb et \u00abfum\u00e9\u00bb. Les fromages \u00e0 griller sont disponibles dans les magasins de Migros Aar \u00e0 partir de CHF\u00a05.70.<\/strong><\/p>\n<p>&nbsp;<\/p>\n<p><strong>Deux degr\u00e9s de maturit\u00e9\u00a0\u2013 une exp\u00e9rience gustative aux multiples facettes<\/strong><\/p>\n<p>Les \u00abfromages \u00e0 griller\u00bb \u00e0 l\u2019Emmentaler\u00a0AOP apportent un vent nouveau au barbecue: voil\u00e0 qui change de la traditionnelle saucisse de viande! \u00abVom Ch\u00e4ser\u00bb, le partenaire de distribution d\u2019Emmentaler Switzerland, lance son nouveau hit gourmand pour la saison des barbecues. Propos\u00e9s dans une combinaison de deux degr\u00e9s d\u2019affinage,\u00a0Emmentaler AOP Doux (l\u00e9g\u00e8rement sucr\u00e9) et Emmentaler AOP Affin\u00e9 en grotte (\u00e9pic\u00e9-\u00e2pre),\u00a0les fromages \u00e0 griller s\u00e9duisent par leur saveur exceptionnelle.<\/p>\n<p>&nbsp;<\/p>\n<p><strong>Le plaisir des grillades pour les petites et grandes faims\u00a0\u2013 ou \u00e0 partager<\/strong><\/p>\n<p>Accompagn\u00e9s d\u2019une salade fra\u00eeche ou de l\u00e9gumes marin\u00e9s, les \u00abfromages \u00e0 griller\u00bb sont parfaits pour une journ\u00e9e barbecue en famille ou entre amis. Cette sp\u00e9cialit\u00e9 fromag\u00e8re est disponible en deux formats diff\u00e9rents: les mini fromages \u00e0 griller (6\u00a0x\u00a020\u00a0g) en forme de chipolatas tr\u00e8s appr\u00e9ci\u00e9s des petits ou les fromages \u00e0 griller (2\u00a0x\u00a0100\u00a0g) en forme de cervelas classique pour les grandes faims\u00a0\u2013\u00a0les deux variantes sont aussi id\u00e9ales \u00e0 partager. Les produits sont faciles \u00e0 pr\u00e9parer: sur le gril ou m\u00eame \u00e0 la po\u00eale, ils offrent une cro\u00fbte fine et savoureuse.<\/p>\n<p>Cette innovation a \u00e9t\u00e9 d\u00e9velopp\u00e9e en collaboration avec un boucher et un affineur de fromages. Cette d\u00e9licieuse sp\u00e9cialit\u00e9 d\u2019Emmentaler\u00a0AOP est disponible dans une s\u00e9lection de magasins Migros de l\u2019Aar, dont les magasins Migros d\u2019Aarau, de Berne et de Soleure.<\/p>\n<p>Les \u00abfromages \u00e0 griller\u00bb sont disponibles d\u00e8s maintenant en pack de six (6\u00a0x\u00a020\u00a0g) au prix de CHF\u00a05.70 et en duo (2\u00a0x\u00a0100\u00a0g) au prix de CHF\u00a06.90.<\/p>\n<p><img loading=\"lazy\" decoding=\"async\" class=\"alignnone wp-image-136507 size-full\" src=\"https:\/\/www.emmentaler.ch\/wp-content\/uploads\/2024\/04\/Chaes-Griller_4.jpg\" alt=\"\" width=\"2000\" height=\"1333\" srcset=\"https:\/\/www.emmentaler.ch\/wp-content\/uploads\/2024\/04\/Chaes-Griller_4.jpg 2000w, https:\/\/www.emmentaler.ch\/wp-content\/uploads\/2024\/04\/Chaes-Griller_4-300x200.jpg 300w, https:\/\/www.emmentaler.ch\/wp-content\/uploads\/2024\/04\/Chaes-Griller_4-1024x682.jpg 1024w, https:\/\/www.emmentaler.ch\/wp-content\/uploads\/2024\/04\/Chaes-Griller_4-768x512.jpg 768w, https:\/\/www.emmentaler.ch\/wp-content\/uploads\/2024\/04\/Chaes-Griller_4-1536x1024.jpg 1536w\" sizes=\"(max-width: 2000px) 100vw, 2000px\" \/><\/p>\n<p><img loading=\"lazy\" decoding=\"async\" class=\"alignnone wp-image-136502 size-large\" src=\"https:\/\/www.emmentaler.ch\/wp-content\/uploads\/2024\/04\/Chaes-Griller_Packshot-579x1024.png\" alt=\"\" width=\"579\" height=\"1024\" srcset=\"https:\/\/www.emmentaler.ch\/wp-content\/uploads\/2024\/04\/Chaes-Griller_Packshot-579x1024.png 579w, https:\/\/www.emmentaler.ch\/wp-content\/uploads\/2024\/04\/Chaes-Griller_Packshot-170x300.png 170w, https:\/\/www.emmentaler.ch\/wp-content\/uploads\/2024\/04\/Chaes-Griller_Packshot-768x1357.png 768w, https:\/\/www.emmentaler.ch\/wp-content\/uploads\/2024\/04\/Chaes-Griller_Packshot-869x1536.png 869w, https:\/\/www.emmentaler.ch\/wp-content\/uploads\/2024\/04\/Chaes-Griller_Packshot-1159x2048.png 1159w\" sizes=\"(max-width: 579px) 100vw, 579px\" \/><img loading=\"lazy\" decoding=\"async\" class=\"alignnone size-large wp-image-136497\" src=\"https:\/\/www.emmentaler.ch\/wp-content\/uploads\/2024\/04\/Chaes-Griller_Packshot_mini-693x1024.png\" alt=\"\" width=\"693\" height=\"1024\" srcset=\"https:\/\/www.emmentaler.ch\/wp-content\/uploads\/2024\/04\/Chaes-Griller_Packshot_mini-693x1024.png 693w, https:\/\/www.emmentaler.ch\/wp-content\/uploads\/2024\/04\/Chaes-Griller_Packshot_mini-203x300.png 203w, https:\/\/www.emmentaler.ch\/wp-content\/uploads\/2024\/04\/Chaes-Griller_Packshot_mini-768x1134.png 768w, https:\/\/www.emmentaler.ch\/wp-content\/uploads\/2024\/04\/Chaes-Griller_Packshot_mini-1040x1536.png 1040w, https:\/\/www.emmentaler.ch\/wp-content\/uploads\/2024\/04\/Chaes-Griller_Packshot_mini-1387x2048.png 1387w, https:\/\/www.emmentaler.ch\/wp-content\/uploads\/2024\/04\/Chaes-Griller_Packshot_mini.png 1728w\" sizes=\"(max-width: 693px) 100vw, 693px\" \/><\/p>\n<p>&nbsp;<\/p>\n","protected":false},"excerpt":{"rendered":"<p>Les nouveaux \u00abfromages \u00e0 griller\u00bb \u00e0 l\u2019Emmentaler\u00a0AOP marquent l\u2019ouverture de la saison des grillades &nbsp; Les amateurs de grillades se r\u00e9jouissent \u00e0 l\u2019id\u00e9e de partager de nouvelles saveurs avec l\u2019Emmentaler\u00a0AOP: les \u00abfromages \u00e0 griller\u00bb envahissent d\u00e9sormais les barbecues suisses. Cette d\u00e9licieuse sp\u00e9cialit\u00e9 fromag\u00e8re est disponible sous forme de \u00abfromage grill\u00e9\u00bb en pack de deux ou [&hellip;]<\/p>\n","protected":false},"author":17,"featured_media":136487,"comment_status":"closed","ping_status":"closed","sticky":false,"template":"","format":"standard","meta":{"inline_featured_image":false,"footnotes":""},"categories":[494],"tags":[],"et_countries":[],"acf":{"additional_infos_teaser_title":"Les amateurs de grillades","additional_infos_related_contents":""},"_links":{"self":[{"href":"https:\/\/www.emmentaler.ch\/fr\/wp-json\/wp\/v2\/posts\/136838"}],"collection":[{"href":"https:\/\/www.emmentaler.ch\/fr\/wp-json\/wp\/v2\/posts"}],"about":[{"href":"https:\/\/www.emmentaler.ch\/fr\/wp-json\/wp\/v2\/types\/post"}],"author":[{"embeddable":true,"href":"https:\/\/www.emmentaler.ch\/fr\/wp-json\/wp\/v2\/users\/17"}],"replies":[{"embeddable":true,"href":"https:\/\/www.emmentaler.ch\/fr\/wp-json\/wp\/v2\/comments?post=136838"}],"version-history":[{"count":3,"href":"https:\/\/www.emmentaler.ch\/fr\/wp-json\/wp\/v2\/posts\/136838\/revisions"}],"predecessor-version":[{"id":136845,"href":"https:\/\/www.emmentaler.ch\/fr\/wp-json\/wp\/v2\/posts\/136838\/revisions\/136845"}],"wp:featuredmedia":[{"embeddable":true,"href":"https:\/\/www.emmentaler.ch\/fr\/wp-json\/wp\/v2\/media\/136487"}],"wp:attachment":[{"href":"https:\/\/www.emmentaler.ch\/fr\/wp-json\/wp\/v2\/media?parent=136838"}],"wp:term":[{"taxonomy":"category","embeddable":true,"href":"https:\/\/www.emmentaler.ch\/fr\/wp-json\/wp\/v2\/categories?post=136838"},{"taxonomy":"post_tag","embeddable":true,"href":"https:\/\/www.emmentaler.ch\/fr\/wp-json\/wp\/v2\/tags?post=136838"},{"taxonomy":"et_countries","embeddable":true,"href":"https:\/\/www.emmentaler.ch\/fr\/wp-json\/wp\/v2\/et_countries?post=136838"}],"curies":[{"name":"wp","href":"https:\/\/api.w.org\/{rel}","templated":true}]}}