{"id":137670,"date":"2024-07-03T16:31:33","date_gmt":"2024-07-03T14:31:33","guid":{"rendered":"https:\/\/www.emmentaler.ch\/lemmentaler-aop-en-tranches-extrafines"},"modified":"2024-07-30T16:42:19","modified_gmt":"2024-07-30T14:42:19","slug":"lemmentaler-aop-en-tranches-extrafines","status":"publish","type":"post","link":"https:\/\/www.emmentaler.ch\/fr\/lemmentaler-aop-en-tranches-extrafines","title":{"rendered":"L\u2019emmentaler AOP en tranches extrafines"},"content":{"rendered":"<p><strong>Apr\u00e8s les \u00abfromages \u00e0 griller\u00bb \u00e0 base d\u2019Emmentaler AOP pour les amateurs de grillades, la prochaine innovation ne se fait pas attendre! L\u2019Emmentaler AOP est d\u00e9sormais disponible en tranches extrafines. Un plaisir fromager merveilleusement fin et intense pour tous ceux qui aiment partager des moments gourmands inoubliables. Les \u00abtranches d\u2019Emmentaler AOP extrafines\u00bb sont disponibles d\u00e8s maintenant dans un emballage tr\u00e8s pratique de 80 grammes au prix de CHF 2.95 dans les magasins Coop s\u00e9lectionn\u00e9s. <\/strong><a href=\"https:\/\/www.emmentaler.ch\/fr\"><strong>www.emmentaler.ch<\/strong><\/a><\/p>\n<p><strong>\u00a0<\/strong><\/p>\n<p><strong>La diversit\u00e9 en tranches<\/strong><\/p>\n<p>Un go\u00fbt intense et des tranches extrafines: c\u2019est ainsi que se pr\u00e9sente la derni\u00e8re innovation d\u2019Emmentaler AOP. Les tranches d\u2019Emmentaler AOP extrafines et dor\u00e9es \u00e0 souhait promettent le meilleur de l\u2019Emmentaler AOP pour l\u2019ap\u00e9ritif, sur un morceau de pain croustillant ou un pain croquant su\u00e9dois, pour un brunch ou sous la forme d\u2019un carpaccio de fromage estival. Et m\u00eame lorsque la cuisine est en \u00e9bullition, les d\u00e9licieuses tranches font bonne figure et apportent une touche de saveur suppl\u00e9mentaire dans un burger ou un sandwich. Laissez libre cours \u00e0 votre imagination pour des combinaisons cr\u00e9atives en cuisine.<\/p>\n<p>&nbsp;<\/p>\n<p><strong>Con\u00e7ues pour les millenials amateurs de bonne ch\u00e8re<\/strong><\/p>\n<p>L\u00e9g\u00e8res et simples \u00e0 utiliser: les nouvelles \u00abtranches d\u2019Emmentaler AOP extrafines\u00bb r\u00e9pondent parfaitement aux attentes des millenials sensibles aux plaisirs gustatifs. Elles ne collent pas et se pr\u00eatent parfaitement au partage. Gr\u00e2ce \u00e0 leur emballage pratique, elles constituent \u00e9galement un en-cas id\u00e9al \u00e0 emporter en d\u00e9placement ou en randonn\u00e9e.<\/p>\n<p>&nbsp;<\/p>\n<p>Une chose reste inchang\u00e9e: m\u00eame sous forme de tranches, la qualit\u00e9 est une priorit\u00e9 absolue pour l\u2019Emmentaler AOP. Gr\u00e2ce \u00e0 l\u2019expertise du fromager Hardegger, l\u2019Emmentaler AOP peut \u00eatre d\u00e9coup\u00e9 en tranches extrafines au go\u00fbt intense. Les \u00abtranches d\u2019Emmentaler AOP extrafines\u00bb sont disponibles d\u00e8s maintenant dans un emballage tr\u00e8s pratique de 80 grammes au prix de CHF 2.95 dans les magasins Coop s\u00e9lectionn\u00e9s.<\/p>\n<p><img loading=\"lazy\" decoding=\"async\" class=\"alignnone size-large wp-image-138163\" src=\"https:\/\/www.emmentaler.ch\/wp-content\/uploads\/2024\/07\/Emmentaler_Tablestopper_Scheiben_hauchduenn-722x1024.jpg\" alt=\"\" width=\"722\" height=\"1024\" srcset=\"https:\/\/www.emmentaler.ch\/wp-content\/uploads\/2024\/07\/Emmentaler_Tablestopper_Scheiben_hauchduenn-722x1024.jpg 722w, https:\/\/www.emmentaler.ch\/wp-content\/uploads\/2024\/07\/Emmentaler_Tablestopper_Scheiben_hauchduenn-211x300.jpg 211w, https:\/\/www.emmentaler.ch\/wp-content\/uploads\/2024\/07\/Emmentaler_Tablestopper_Scheiben_hauchduenn-768x1089.jpg 768w, https:\/\/www.emmentaler.ch\/wp-content\/uploads\/2024\/07\/Emmentaler_Tablestopper_Scheiben_hauchduenn-1083x1536.jpg 1083w, https:\/\/www.emmentaler.ch\/wp-content\/uploads\/2024\/07\/Emmentaler_Tablestopper_Scheiben_hauchduenn-1444x2048.jpg 1444w, https:\/\/www.emmentaler.ch\/wp-content\/uploads\/2024\/07\/Emmentaler_Tablestopper_Scheiben_hauchduenn.jpg 1749w\" sizes=\"(max-width: 722px) 100vw, 722px\" \/><\/p>\n<p>&nbsp;<\/p>\n<p>&nbsp;<\/p>\n<p><img loading=\"lazy\" decoding=\"async\" class=\"alignnone size-large wp-image-137650\" src=\"https:\/\/www.emmentaler.ch\/wp-content\/uploads\/2024\/07\/ES_Emmentaler-AOP_Tan_hauchduenn_02-1-e1720018011354.jpg\" alt=\"\" width=\"800\" height=\"1000\"><\/p>\n","protected":false},"excerpt":{"rendered":"<p>Apr\u00e8s les \u00abfromages \u00e0 griller\u00bb \u00e0 base d\u2019Emmentaler AOP pour les amateurs de grillades, la prochaine innovation ne se fait pas attendre! L\u2019Emmentaler AOP est d\u00e9sormais disponible en tranches extrafines. Un plaisir fromager merveilleusement fin et intense pour tous ceux qui aiment partager des moments gourmands inoubliables. Les \u00abtranches d\u2019Emmentaler AOP extrafines\u00bb sont disponibles d\u00e8s [&hellip;]<\/p>\n","protected":false},"author":17,"featured_media":137657,"comment_status":"closed","ping_status":"closed","sticky":false,"template":"","format":"standard","meta":{"inline_featured_image":false,"footnotes":""},"categories":[17],"tags":[],"et_countries":[103],"acf":{"additional_infos_teaser_title":"Un go\u00fbt savoureux \u2013 extrafin","additional_infos_related_contents":null,"veroffentlichungsdatum":""},"_links":{"self":[{"href":"https:\/\/www.emmentaler.ch\/fr\/wp-json\/wp\/v2\/posts\/137670"}],"collection":[{"href":"https:\/\/www.emmentaler.ch\/fr\/wp-json\/wp\/v2\/posts"}],"about":[{"href":"https:\/\/www.emmentaler.ch\/fr\/wp-json\/wp\/v2\/types\/post"}],"author":[{"embeddable":true,"href":"https:\/\/www.emmentaler.ch\/fr\/wp-json\/wp\/v2\/users\/17"}],"replies":[{"embeddable":true,"href":"https:\/\/www.emmentaler.ch\/fr\/wp-json\/wp\/v2\/comments?post=137670"}],"version-history":[{"count":4,"href":"https:\/\/www.emmentaler.ch\/fr\/wp-json\/wp\/v2\/posts\/137670\/revisions"}],"predecessor-version":[{"id":138142,"href":"https:\/\/www.emmentaler.ch\/fr\/wp-json\/wp\/v2\/posts\/137670\/revisions\/138142"}],"wp:featuredmedia":[{"embeddable":true,"href":"https:\/\/www.emmentaler.ch\/fr\/wp-json\/wp\/v2\/media\/137657"}],"wp:attachment":[{"href":"https:\/\/www.emmentaler.ch\/fr\/wp-json\/wp\/v2\/media?parent=137670"}],"wp:term":[{"taxonomy":"category","embeddable":true,"href":"https:\/\/www.emmentaler.ch\/fr\/wp-json\/wp\/v2\/categories?post=137670"},{"taxonomy":"post_tag","embeddable":true,"href":"https:\/\/www.emmentaler.ch\/fr\/wp-json\/wp\/v2\/tags?post=137670"},{"taxonomy":"et_countries","embeddable":true,"href":"https:\/\/www.emmentaler.ch\/fr\/wp-json\/wp\/v2\/et_countries?post=137670"}],"curies":[{"name":"wp","href":"https:\/\/api.w.org\/{rel}","templated":true}]}}