{"id":138439,"date":"2024-09-04T10:56:37","date_gmt":"2024-09-04T08:56:37","guid":{"rendered":"https:\/\/www.emmentaler.ch\/futs-de-vin"},"modified":"2024-09-06T16:08:12","modified_gmt":"2024-09-06T14:08:12","slug":"cheesy-inspiration-futs-de-vin","status":"publish","type":"post","link":"https:\/\/www.emmentaler.ch\/fr\/cheesy-inspiration-futs-de-vin","title":{"rendered":"F\u00fbts de vin"},"content":{"rendered":"<p><strong>Ce cheese board est un hommage styl\u00e9 aux f\u00eates de vignerons qui se d\u00e9roulent chaque ann\u00e9e en automne dans les r\u00e9gions viticoles classiques de Suisse. En plus d\u2019\u00eatre un festival de saveurs, les f\u00fbts en Emmentaler AOP garnis de raisin attirent tous les regards et accompagnent id\u00e9alement un bon verre de vin.<\/strong><\/p>\n<p>Pour un f\u00fbt, creusez une grosse pomme et fixez des tranches d\u2019Emmentaler AOP allong\u00e9es tout autour en guise de planches de bois avec des cure-dents. Nouez un long brin de ciboulette pour maintenir le tout. \u00c0 pr\u00e9sent, vous pouvez remplir votre f\u00fbt de raisin.<\/p>\n<p>Une fois les trois f\u00fbts termin\u00e9s, disposez-les sur une planche en bois rustique et d\u00e9corez-la avec des gressins, du romarin et du thym. Comblez les espaces vides avec quelques grains de raisin. Il ne manque plus que les verres et le vin pour cr\u00e9er l\u2019ambiance d\u00e9contract\u00e9e d\u2019une f\u00eate de vignerons \u00e0 la maison.<\/p>\n","protected":false},"excerpt":{"rendered":"<p>Ce cheese board est un hommage styl\u00e9 aux f\u00eates de vignerons qui se d\u00e9roulent chaque ann\u00e9e en automne dans les r\u00e9gions viticoles classiques de Suisse. En plus d\u2019\u00eatre un festival de saveurs, les f\u00fbts en Emmentaler AOP garnis de raisin attirent tous les regards et accompagnent id\u00e9alement un bon verre de vin. Pour un f\u00fbt, [&hellip;]<\/p>\n","protected":false},"author":2,"featured_media":138413,"comment_status":"closed","ping_status":"closed","sticky":false,"template":"","format":"standard","meta":{"inline_featured_image":false,"footnotes":""},"categories":[786,852],"tags":[],"et_countries":[],"acf":[],"_links":{"self":[{"href":"https:\/\/www.emmentaler.ch\/fr\/wp-json\/wp\/v2\/posts\/138439"}],"collection":[{"href":"https:\/\/www.emmentaler.ch\/fr\/wp-json\/wp\/v2\/posts"}],"about":[{"href":"https:\/\/www.emmentaler.ch\/fr\/wp-json\/wp\/v2\/types\/post"}],"author":[{"embeddable":true,"href":"https:\/\/www.emmentaler.ch\/fr\/wp-json\/wp\/v2\/users\/2"}],"replies":[{"embeddable":true,"href":"https:\/\/www.emmentaler.ch\/fr\/wp-json\/wp\/v2\/comments?post=138439"}],"version-history":[{"count":1,"href":"https:\/\/www.emmentaler.ch\/fr\/wp-json\/wp\/v2\/posts\/138439\/revisions"}],"predecessor-version":[{"id":138444,"href":"https:\/\/www.emmentaler.ch\/fr\/wp-json\/wp\/v2\/posts\/138439\/revisions\/138444"}],"wp:featuredmedia":[{"embeddable":true,"href":"https:\/\/www.emmentaler.ch\/fr\/wp-json\/wp\/v2\/media\/138413"}],"wp:attachment":[{"href":"https:\/\/www.emmentaler.ch\/fr\/wp-json\/wp\/v2\/media?parent=138439"}],"wp:term":[{"taxonomy":"category","embeddable":true,"href":"https:\/\/www.emmentaler.ch\/fr\/wp-json\/wp\/v2\/categories?post=138439"},{"taxonomy":"post_tag","embeddable":true,"href":"https:\/\/www.emmentaler.ch\/fr\/wp-json\/wp\/v2\/tags?post=138439"},{"taxonomy":"et_countries","embeddable":true,"href":"https:\/\/www.emmentaler.ch\/fr\/wp-json\/wp\/v2\/et_countries?post=138439"}],"curies":[{"name":"wp","href":"https:\/\/api.w.org\/{rel}","templated":true}]}}