{"id":139281,"date":"2024-11-27T11:45:02","date_gmt":"2024-11-27T10:45:02","guid":{"rendered":"https:\/\/www.emmentaler.ch\/couronne-de-lavent"},"modified":"2024-12-04T16:20:40","modified_gmt":"2024-12-04T15:20:40","slug":"cheesy-inspiration-couronne-de-lavent","status":"publish","type":"post","link":"https:\/\/www.emmentaler.ch\/fr\/cheesy-inspiration-couronne-de-lavent","title":{"rendered":"Couronne de l\u2019avent"},"content":{"rendered":"<p><strong>Pendant la p\u00e9riode de l\u2019avent, on se r\u00e9jouit \u00e0 l\u2019approche des grandes f\u00eates de No\u00ebl. La couronne de l\u2019avent \u00e0 base de romarin parfum\u00e9 et d\u2019\u00e9toiles r\u00e9alis\u00e9es \u00e0 partir d\u2019Emmentaler\u00a0AOP invite \u00e9galement \u00e0 la convivialit\u00e9, car elle offre quelque chose que les autres couronnes n\u2019ont pas: un plaisir divin. Avec la couronne de l\u2019avent \u00e0 croquer, No\u00ebl peut prendre son temps!<\/strong><\/p>\n<p><img loading=\"lazy\" decoding=\"async\" class=\"alignnone size-full wp-image-139243\" src=\"https:\/\/www.emmentaler.ch\/wp-content\/uploads\/2024\/11\/Adventskranz_.jpg\" alt=\"\" width=\"665\" height=\"590\" srcset=\"https:\/\/www.emmentaler.ch\/wp-content\/uploads\/2024\/11\/Adventskranz_.jpg 665w, https:\/\/www.emmentaler.ch\/wp-content\/uploads\/2024\/11\/Adventskranz_-300x266.jpg 300w\" sizes=\"(max-width: 665px) 100vw, 665px\" \/><\/p>\n<p>Garnir g\u00e9n\u00e9reusement le bord d\u2019une planche de bois ronde avec des branches de romarin, de mani\u00e8re \u00e0 former une couronne verte. Sur les branches de la partie sup\u00e9rieure de la couronne, placer un n\u0153ud en tissu d\u2019une jolie couleur contrast\u00e9e (p.\u00a0ex. rouge).<\/p>\n<p>D\u00e9couper plusieurs \u00e9toiles dans une grosse tranche d\u2019Emmentaler\u00a0AOP \u00e0 l\u2019aide d\u2019un emporte-pi\u00e8ce. R\u00e9partir les \u00e9toiles sur la couronne. Elles peuvent avoir diff\u00e9rentes tailles.<\/p>\n<p>Couper ensuite les tomates cerises rouges et jaunes en deux et placer les moiti\u00e9s sur la couronne dans les espaces vides. Pour varier encore plus les plaisirs, vous pouvez ajouter des tranches de concombre jusqu\u2019\u00e0 obtenir une couronne pleine de couleurs. Si vous le souhaitez, ajoutez des bougies, des tranches de pain ou des crackers. Votre couronne de l\u2019avent cheese board est pr\u00eate.<\/p>\n","protected":false},"excerpt":{"rendered":"<p>Pendant la p\u00e9riode de l\u2019avent, on se r\u00e9jouit \u00e0 l\u2019approche des grandes f\u00eates de No\u00ebl. La couronne de l\u2019avent \u00e0 base de romarin parfum\u00e9 et d\u2019\u00e9toiles r\u00e9alis\u00e9es \u00e0 partir d\u2019Emmentaler\u00a0AOP invite \u00e9galement \u00e0 la convivialit\u00e9, car elle offre quelque chose que les autres couronnes n\u2019ont pas: un plaisir divin. Avec la couronne de l\u2019avent \u00e0 [&hellip;]<\/p>\n","protected":false},"author":17,"featured_media":139224,"comment_status":"closed","ping_status":"closed","sticky":false,"template":"","format":"standard","meta":{"inline_featured_image":false,"footnotes":""},"categories":[786,785],"tags":[],"et_countries":[],"acf":[],"_links":{"self":[{"href":"https:\/\/www.emmentaler.ch\/fr\/wp-json\/wp\/v2\/posts\/139281"}],"collection":[{"href":"https:\/\/www.emmentaler.ch\/fr\/wp-json\/wp\/v2\/posts"}],"about":[{"href":"https:\/\/www.emmentaler.ch\/fr\/wp-json\/wp\/v2\/types\/post"}],"author":[{"embeddable":true,"href":"https:\/\/www.emmentaler.ch\/fr\/wp-json\/wp\/v2\/users\/17"}],"replies":[{"embeddable":true,"href":"https:\/\/www.emmentaler.ch\/fr\/wp-json\/wp\/v2\/comments?post=139281"}],"version-history":[{"count":1,"href":"https:\/\/www.emmentaler.ch\/fr\/wp-json\/wp\/v2\/posts\/139281\/revisions"}],"predecessor-version":[{"id":139282,"href":"https:\/\/www.emmentaler.ch\/fr\/wp-json\/wp\/v2\/posts\/139281\/revisions\/139282"}],"wp:featuredmedia":[{"embeddable":true,"href":"https:\/\/www.emmentaler.ch\/fr\/wp-json\/wp\/v2\/media\/139224"}],"wp:attachment":[{"href":"https:\/\/www.emmentaler.ch\/fr\/wp-json\/wp\/v2\/media?parent=139281"}],"wp:term":[{"taxonomy":"category","embeddable":true,"href":"https:\/\/www.emmentaler.ch\/fr\/wp-json\/wp\/v2\/categories?post=139281"},{"taxonomy":"post_tag","embeddable":true,"href":"https:\/\/www.emmentaler.ch\/fr\/wp-json\/wp\/v2\/tags?post=139281"},{"taxonomy":"et_countries","embeddable":true,"href":"https:\/\/www.emmentaler.ch\/fr\/wp-json\/wp\/v2\/et_countries?post=139281"}],"curies":[{"name":"wp","href":"https:\/\/api.w.org\/{rel}","templated":true}]}}