{"id":139458,"date":"2024-12-17T13:33:36","date_gmt":"2024-12-17T12:33:36","guid":{"rendered":"https:\/\/www.emmentaler.ch\/saint-sylvestre"},"modified":"2024-12-18T14:46:59","modified_gmt":"2024-12-18T13:46:59","slug":"saint-sylvestre","status":"publish","type":"post","link":"https:\/\/www.emmentaler.ch\/fr\/saint-sylvestre","title":{"rendered":"Saint-Sylvestre"},"content":{"rendered":"<p>D\u00e9coupez plusieurs grandes feuilles de tr\u00e8fle dans un gros morceau d\u2019Emmentaler AOP et disposez-les sur un joli plat en c\u00e9ramique.<\/p>\n<p>Ajoutez-y une coupelle avec la confiture de votre choix et disposez \u00e7\u00e0 et l\u00e0 quelques portions app\u00e9tissantes: du raisin, des amandes, des b\u00e2tonnets de concombre, des petites carottes, des tomates cerises coup\u00e9es en deux, quelques tranches de salami et des tarallini italiens. Assurez-vous que l\u2019ensemble soit visuellement harmonieux au niveau des couleurs afin que le plateau de fromages soit aussi attractif que possible.<\/p>\n<p>Pour la touche de verdure, pensez \u00e0 des pousses de petits pois et finalisez votre pr\u00e9sentation avec quelques \u00e9ventails en papier multicolores. La derni\u00e8re f\u00eate de l\u2019ann\u00e9e peut commencer!<\/p>\n<p><strong>Bonne ann\u00e9e!<\/strong><\/p>\n<p>&nbsp;<\/p>\n<p><img loading=\"lazy\" decoding=\"async\" class=\"alignnone size-large wp-image-139408\" src=\"https:\/\/www.emmentaler.ch\/wp-content\/uploads\/2024\/12\/Cheesy-Inspiration_Silvester-682x1024.jpeg\" alt=\"\" width=\"682\" height=\"1024\" srcset=\"https:\/\/www.emmentaler.ch\/wp-content\/uploads\/2024\/12\/Cheesy-Inspiration_Silvester-682x1024.jpeg 682w, https:\/\/www.emmentaler.ch\/wp-content\/uploads\/2024\/12\/Cheesy-Inspiration_Silvester-200x300.jpeg 200w, https:\/\/www.emmentaler.ch\/wp-content\/uploads\/2024\/12\/Cheesy-Inspiration_Silvester-768x1153.jpeg 768w, https:\/\/www.emmentaler.ch\/wp-content\/uploads\/2024\/12\/Cheesy-Inspiration_Silvester-1023x1536.jpeg 1023w, https:\/\/www.emmentaler.ch\/wp-content\/uploads\/2024\/12\/Cheesy-Inspiration_Silvester.jpeg 1080w\" sizes=\"(max-width: 682px) 100vw, 682px\" \/><\/p>\n","protected":false},"excerpt":{"rendered":"<p>D\u00e9coupez plusieurs grandes feuilles de tr\u00e8fle dans un gros morceau d\u2019Emmentaler AOP et disposez-les sur un joli plat en c\u00e9ramique. Ajoutez-y une coupelle avec la confiture de votre choix et disposez \u00e7\u00e0 et l\u00e0 quelques portions app\u00e9tissantes: du raisin, des amandes, des b\u00e2tonnets de concombre, des petites carottes, des tomates cerises coup\u00e9es en deux, quelques [&hellip;]<\/p>\n","protected":false},"author":22,"featured_media":139403,"comment_status":"closed","ping_status":"closed","sticky":false,"template":"","format":"standard","meta":{"inline_featured_image":false,"footnotes":""},"categories":[786,862],"tags":[],"et_countries":[],"acf":[],"_links":{"self":[{"href":"https:\/\/www.emmentaler.ch\/fr\/wp-json\/wp\/v2\/posts\/139458"}],"collection":[{"href":"https:\/\/www.emmentaler.ch\/fr\/wp-json\/wp\/v2\/posts"}],"about":[{"href":"https:\/\/www.emmentaler.ch\/fr\/wp-json\/wp\/v2\/types\/post"}],"author":[{"embeddable":true,"href":"https:\/\/www.emmentaler.ch\/fr\/wp-json\/wp\/v2\/users\/22"}],"replies":[{"embeddable":true,"href":"https:\/\/www.emmentaler.ch\/fr\/wp-json\/wp\/v2\/comments?post=139458"}],"version-history":[{"count":1,"href":"https:\/\/www.emmentaler.ch\/fr\/wp-json\/wp\/v2\/posts\/139458\/revisions"}],"predecessor-version":[{"id":139459,"href":"https:\/\/www.emmentaler.ch\/fr\/wp-json\/wp\/v2\/posts\/139458\/revisions\/139459"}],"wp:featuredmedia":[{"embeddable":true,"href":"https:\/\/www.emmentaler.ch\/fr\/wp-json\/wp\/v2\/media\/139403"}],"wp:attachment":[{"href":"https:\/\/www.emmentaler.ch\/fr\/wp-json\/wp\/v2\/media?parent=139458"}],"wp:term":[{"taxonomy":"category","embeddable":true,"href":"https:\/\/www.emmentaler.ch\/fr\/wp-json\/wp\/v2\/categories?post=139458"},{"taxonomy":"post_tag","embeddable":true,"href":"https:\/\/www.emmentaler.ch\/fr\/wp-json\/wp\/v2\/tags?post=139458"},{"taxonomy":"et_countries","embeddable":true,"href":"https:\/\/www.emmentaler.ch\/fr\/wp-json\/wp\/v2\/et_countries?post=139458"}],"curies":[{"name":"wp","href":"https:\/\/api.w.org\/{rel}","templated":true}]}}