{"id":140997,"date":"2025-05-06T18:53:14","date_gmt":"2025-05-06T16:53:14","guid":{"rendered":"https:\/\/www.emmentaler.ch\/eurovision-song-contest"},"modified":"2025-05-06T19:00:24","modified_gmt":"2025-05-06T17:00:24","slug":"cheesy-inspiration-eurovision-song-contest","status":"publish","type":"post","link":"https:\/\/www.emmentaler.ch\/fr\/cheesy-inspiration-eurovision-song-contest","title":{"rendered":"Eurovision Song Contest"},"content":{"rendered":"<p>Cette ann\u00e9e, le concours Eurovision de la chanson aura lieu \u00e0 B\u00e2le, et nous vous proposons un ap\u00e9ritif parfait: une planche de fromage en mode Eurovision avec de l\u2019Emmentaler AOP dans le r\u00f4le principal! Inspir\u00e9e par les notes de musique, les guitares et l\u2019ambiance festive, cette planche est non seulement agr\u00e9able \u00e0 regarder, mais aussi un v\u00e9ritable soutien pour l\u2019interpr\u00e8te suisse.<\/p>\n<p>Disposez cinq longues et fines lamelles d\u2019oignons nouveaux c\u00f4te \u00e0 c\u00f4te sur une planche en bois pour former une port\u00e9e. D\u00e9limitez la port\u00e9e sur le c\u00f4t\u00e9 avec des b\u00e2tonnets sal\u00e9s et d\u00e9posez une demi-tomate cerise dans chaque coin.<\/p>\n<p>D\u00e9coupez diff\u00e9rentes notes de musique en fromage \u2013 noires, croches, doubles-croches, etc. (faites une recherche sur Google ou laissez libre cours \u00e0 votre cr\u00e9ativit\u00e9) et r\u00e9partissez-les sur la partition.<\/p>\n<p>Vous pouvez maintenant d\u00e9couper une petite guitare dans une tranche plate d\u2019Emmentaler AOP (p.\u00a0ex. \u00e0 l\u2019aide d\u2019un couteau ou d\u2019un mod\u00e8le en carton). Pour la d\u00e9coration: Posez un morceau de poivron vert pour faire une ou\u00efe et d\u00e9corez le manche avec du concombre ou de l\u2019oignon nouveau. Pour varier encore davantage les plaisirs, vous pouvez par exemple d\u00e9couper deux banjos et les d\u00e9corer avec des poivrons verts. C\u2019est pr\u00eat!<\/p>\n<p><strong>Cette planche de fromage en mode Eurovision garantit une bonne ambiance et une soir\u00e9e divertissante jusqu\u2019\u00e0 ce que, esp\u00e9rons-le, douze points soient attribu\u00e9s \u00e0\u2026 la Suisse!<\/strong><\/p>\n<p><img loading=\"lazy\" decoding=\"async\" class=\"alignnone size-large wp-image-140986\" src=\"https:\/\/www.emmentaler.ch\/wp-content\/uploads\/2025\/05\/EUROVISION_2025_SMALL-682x1024.jpg\" alt=\"\" width=\"682\" height=\"1024\" srcset=\"https:\/\/www.emmentaler.ch\/wp-content\/uploads\/2025\/05\/EUROVISION_2025_SMALL-682x1024.jpg 682w, https:\/\/www.emmentaler.ch\/wp-content\/uploads\/2025\/05\/EUROVISION_2025_SMALL-200x300.jpg 200w, https:\/\/www.emmentaler.ch\/wp-content\/uploads\/2025\/05\/EUROVISION_2025_SMALL-768x1153.jpg 768w, https:\/\/www.emmentaler.ch\/wp-content\/uploads\/2025\/05\/EUROVISION_2025_SMALL-1023x1536.jpg 1023w, https:\/\/www.emmentaler.ch\/wp-content\/uploads\/2025\/05\/EUROVISION_2025_SMALL.jpg 1080w\" sizes=\"(max-width: 682px) 100vw, 682px\" \/><\/p>\n","protected":false},"excerpt":{"rendered":"<p>Cette ann\u00e9e, le concours Eurovision de la chanson aura lieu \u00e0 B\u00e2le, et nous vous proposons un ap\u00e9ritif parfait: une planche de fromage en mode Eurovision avec de l\u2019Emmentaler AOP dans le r\u00f4le principal! Inspir\u00e9e par les notes de musique, les guitares et l\u2019ambiance festive, cette planche est non seulement agr\u00e9able \u00e0 regarder, mais aussi [&hellip;]<\/p>\n","protected":false},"author":22,"featured_media":140981,"comment_status":"closed","ping_status":"closed","sticky":false,"template":"","format":"standard","meta":{"inline_featured_image":false,"footnotes":""},"categories":[814,786],"tags":[],"et_countries":[],"acf":[],"_links":{"self":[{"href":"https:\/\/www.emmentaler.ch\/fr\/wp-json\/wp\/v2\/posts\/140997"}],"collection":[{"href":"https:\/\/www.emmentaler.ch\/fr\/wp-json\/wp\/v2\/posts"}],"about":[{"href":"https:\/\/www.emmentaler.ch\/fr\/wp-json\/wp\/v2\/types\/post"}],"author":[{"embeddable":true,"href":"https:\/\/www.emmentaler.ch\/fr\/wp-json\/wp\/v2\/users\/22"}],"replies":[{"embeddable":true,"href":"https:\/\/www.emmentaler.ch\/fr\/wp-json\/wp\/v2\/comments?post=140997"}],"version-history":[{"count":3,"href":"https:\/\/www.emmentaler.ch\/fr\/wp-json\/wp\/v2\/posts\/140997\/revisions"}],"predecessor-version":[{"id":141000,"href":"https:\/\/www.emmentaler.ch\/fr\/wp-json\/wp\/v2\/posts\/140997\/revisions\/141000"}],"wp:featuredmedia":[{"embeddable":true,"href":"https:\/\/www.emmentaler.ch\/fr\/wp-json\/wp\/v2\/media\/140981"}],"wp:attachment":[{"href":"https:\/\/www.emmentaler.ch\/fr\/wp-json\/wp\/v2\/media?parent=140997"}],"wp:term":[{"taxonomy":"category","embeddable":true,"href":"https:\/\/www.emmentaler.ch\/fr\/wp-json\/wp\/v2\/categories?post=140997"},{"taxonomy":"post_tag","embeddable":true,"href":"https:\/\/www.emmentaler.ch\/fr\/wp-json\/wp\/v2\/tags?post=140997"},{"taxonomy":"et_countries","embeddable":true,"href":"https:\/\/www.emmentaler.ch\/fr\/wp-json\/wp\/v2\/et_countries?post=140997"}],"curies":[{"name":"wp","href":"https:\/\/api.w.org\/{rel}","templated":true}]}}