{"id":141478,"date":"2025-07-08T07:58:43","date_gmt":"2025-07-08T05:58:43","guid":{"rendered":"https:\/\/www.emmentaler.ch\/?p=141478"},"modified":"2025-07-08T08:04:54","modified_gmt":"2025-07-08T06:04:54","slug":"lemmentaler-aop-parcourt-berne-dans-un-design-a-trous-iconique-2","status":"publish","type":"post","link":"https:\/\/www.emmentaler.ch\/fr\/lemmentaler-aop-parcourt-berne-dans-un-design-a-trous-iconique-2","title":{"rendered":"L\u2019Emmentaler AOP parcourt Berne dans un design \u00e0 trous iconique"},"content":{"rendered":"<h2><strong>Une premi\u00e8re pour le tramway: l\u2019Emmentaler AOP parcourt Berne dans un design \u00e0 trous iconique<\/strong><\/h2>\n<p>&nbsp;<\/p>\n<p><strong>Berne c\u00e9l\u00e8bre le fromage \u2013 l\u2019Emmentaler AOP parcourt la ville. Depuis le 7 juillet 2025, ce tramway unique en son genre, traverse en effet les rues de la capitale dans une apparence \u00e0 trous iconique, rendant ainsi un hommage mobile au fromage suisse le plus c\u00e9l\u00e8bre. En cette ann\u00e9e o\u00f9 Berne est sous le feu des projecteurs internationaux en tant que \u00abCapital of Cheese\u00bb dans le cadre des World Cheese Awards, Emmentaler Switzerland envoie un signal fort au grand public: un message visible, sympathique et typiquement suisse.<\/strong><\/p>\n<p>Berne, qui accueillera officiellement les World Cheese Awards en novembre 2025, devient ainsi le centre de la culture fromag\u00e8re internationale. Le tramway Emmentaler AOP rendra ce moment sp\u00e9cial visible, en tant que premi\u00e8re roulante r\u00e9pandant l\u2019amour du fromage et de la tradition \u00e0 travers la ville.<\/p>\n<p>&nbsp;<\/p>\n<p><strong>Renaissance d\u2019un design iconique<\/strong><\/p>\n<p>Celles et ceux qui se souviennent des combinaisons de ski des ann\u00e9es 90, fi\u00e8rement port\u00e9es par Vreni Schneider et l\u2019\u00e9quipe suisse, reconna\u00eetront imm\u00e9diatement le motif: les trous du fromage ont rendu l\u2019Emmentaler AOP mondialement c\u00e9l\u00e8bre. Le nouveau tramway Emmentaler AOP reprend ce look embl\u00e9matique et le transpose dans la rue sous forme de message visuel. Le tramway apporte non seulement du mouvement dans la vie quotidienne des Bernoises et des Bernois, mais aussi une part de l\u2019identit\u00e9 suisse dans l\u2019espace public. \u00abNotre Emmentaler AOP incarne l\u2019origine, le travail artisanal et l\u2019authenticit\u00e9. Avec le tramway, nous voulons montrer que ce fromage fait partie de notre culture quotidienne\u00bb, d\u00e9clare Urs Schluechter, directeur d\u2019Emmentaler Switzerland.<\/p>\n<p>Le 7 juillet 2025, lors de la premi\u00e8re du tramway Emmentaler, c\u2019est Nickless qui a assur\u00e9 l\u2019animation musicale. Ambassadeur d\u2019Emmentaler Switzerland, ce musicien a fourni la bande-son du premier trajet et a install\u00e9 une sc\u00e8ne dans le tramway \u00e0 Berne. JUMI, la troupe sauvage de l\u2019Emmental, a quant \u00e0 elle assur\u00e9 les moments culinaires. Ce moyen de transport public au nouveau look circule d\u00e9sormais sur une ligne r\u00e9guli\u00e8re \u00e0 travers la ville, alliant ainsi quotidien et pr\u00e9sence. Le tramway Emmentaler AOP restera en service pendant dix mois, permettant ainsi aux habitants et aux touristes d\u2019arriver \u00e0 destination, mais aussi d\u2019accueillir les h\u00f4tes internationaux des World Cheese Awards en novembre 2025.<\/p>\n<p>&nbsp;<\/p>\n<p><strong>Capitale mondiale du fromage en 2025 \u2013 Berne est sous le feu des projecteurs<\/strong><\/p>\n<p>Ce n\u2019est pas un hasard si le lancement du tramway a lieu en 2025. Les World Cheese Awards, l\u2019un des \u00e9v\u00e9nements les plus importants au monde dans le secteur du fromage, se tiendront en effet pour la premi\u00e8re fois en Suisse. Plus de 5\u2019000 vari\u00e9t\u00e9s de fromages provenant de plus de 40 pays et un jury international d\u2019experts sont attendus \u00e0 cette occasion. Pour la Suisse, Berne et l\u2019Emmentaler AOP, c\u2019est une occasion unique de mettre en avant leur savoir-faire fromager sur la sc\u00e8ne internationale.<\/p>\n<p>La mise en service du tramway Emmentaler AOP marque le d\u00e9but d\u2019une ann\u00e9e plac\u00e9e sous le signe du fromage: un \u00e9v\u00e9nement visible, sympathique et typiquement suisse.<\/p>\n<p>Nous serions ravis de vous fournir du <a href=\"https:\/\/compresso.wetransfer.com\/downloads\/46d2b50e23d43ad6b0b656a5380eb06320250707111350\/630ca1?t_exp=1757070830&amp;t_lsid=7605d9c0-8190-41a6-91f5-f9f3dfeff597&amp;t_network=link&amp;t_rid=YXV0aDB8VHJhbnNmZXJ8cHlmbTUyMzhnYm1xbzI=&amp;t_s=download_link&amp;t_ts=1751886830\" rel=\"nofollow noopener\" target=\"_blank\">mat\u00e9riel visuel<\/a> en haute r\u00e9solution.<\/p>\n","protected":false},"excerpt":{"rendered":"<p>Une premi\u00e8re pour le tramway: l\u2019Emmentaler AOP parcourt Berne dans un design \u00e0 trous iconique &nbsp; Berne c\u00e9l\u00e8bre le fromage \u2013 l\u2019Emmentaler AOP parcourt la ville. Depuis le 7 juillet 2025, ce tramway unique en son genre, traverse en effet les rues de la capitale dans une apparence \u00e0 trous iconique, rendant ainsi un hommage [&hellip;]<\/p>\n","protected":false},"author":17,"featured_media":141473,"comment_status":"closed","ping_status":"closed","sticky":false,"template":"","format":"standard","meta":{"inline_featured_image":false,"footnotes":""},"categories":[17],"tags":[],"et_countries":[],"acf":{"additional_infos_teaser_title":"Une premi\u00e8re pour le tramway","additional_infos_related_contents":"","veroffentlichungsdatum":"7.7.2025"},"_links":{"self":[{"href":"https:\/\/www.emmentaler.ch\/fr\/wp-json\/wp\/v2\/posts\/141478"}],"collection":[{"href":"https:\/\/www.emmentaler.ch\/fr\/wp-json\/wp\/v2\/posts"}],"about":[{"href":"https:\/\/www.emmentaler.ch\/fr\/wp-json\/wp\/v2\/types\/post"}],"author":[{"embeddable":true,"href":"https:\/\/www.emmentaler.ch\/fr\/wp-json\/wp\/v2\/users\/17"}],"replies":[{"embeddable":true,"href":"https:\/\/www.emmentaler.ch\/fr\/wp-json\/wp\/v2\/comments?post=141478"}],"version-history":[{"count":5,"href":"https:\/\/www.emmentaler.ch\/fr\/wp-json\/wp\/v2\/posts\/141478\/revisions"}],"predecessor-version":[{"id":141483,"href":"https:\/\/www.emmentaler.ch\/fr\/wp-json\/wp\/v2\/posts\/141478\/revisions\/141483"}],"wp:featuredmedia":[{"embeddable":true,"href":"https:\/\/www.emmentaler.ch\/fr\/wp-json\/wp\/v2\/media\/141473"}],"wp:attachment":[{"href":"https:\/\/www.emmentaler.ch\/fr\/wp-json\/wp\/v2\/media?parent=141478"}],"wp:term":[{"taxonomy":"category","embeddable":true,"href":"https:\/\/www.emmentaler.ch\/fr\/wp-json\/wp\/v2\/categories?post=141478"},{"taxonomy":"post_tag","embeddable":true,"href":"https:\/\/www.emmentaler.ch\/fr\/wp-json\/wp\/v2\/tags?post=141478"},{"taxonomy":"et_countries","embeddable":true,"href":"https:\/\/www.emmentaler.ch\/fr\/wp-json\/wp\/v2\/et_countries?post=141478"}],"curies":[{"name":"wp","href":"https:\/\/api.w.org\/{rel}","templated":true}]}}