{"id":142324,"date":"2025-10-22T14:21:50","date_gmt":"2025-10-22T12:21:50","guid":{"rendered":"https:\/\/www.emmentaler.ch\/?p=142324"},"modified":"2025-10-29T12:04:28","modified_gmt":"2025-10-29T11:04:28","slug":"cheesy-inspiration-world-cheese-awards-2025","status":"publish","type":"post","link":"https:\/\/www.emmentaler.ch\/fr\/cheesy-inspiration-world-cheese-awards-2025","title":{"rendered":"World Cheese Awards 2025"},"content":{"rendered":"<p>Les <strong>\u00abWorld Cheese Awards\u00bb<\/strong> sont une manifestation internationale d\u00e9di\u00e9e au fromage qui se d\u00e9roulera pour la premi\u00e8re fois en Suisse en\u00a02025, \u00e0 Berne, la capitale f\u00e9d\u00e9rale. Pour rendre hommage aux meilleurs fromages du monde, nous cr\u00e9ons de quoi r\u00e9galer les yeux avec le fromage le plus c\u00e9l\u00e8bre du monde: place \u00e0 l\u2019Emmentaler AOP Globus Cheese Board tout droit sorti de la \u00abCapital of Cheese\u00bb!<\/p>\n<p>Prenez une carte du monde et quelques tranches d\u2019Emmentaler AOP. Comme autrefois en cours de g\u00e9ographie, d\u00e9coupez les continents, non pas en papier, mais avec l\u2019Emmentaler AOP. Placez l\u2019Am\u00e9rique du Nord et l\u2019Eurasie dans la moiti\u00e9 sup\u00e9rieure de votre globe. Puis, en dessous, l\u2019Am\u00e9rique du Sud, l\u2019Afrique et l\u2019Oc\u00e9anie<\/p>\n<p>Marquez maintenant le p\u00f4le Nord et l\u2019Antarctique (en haut et en bas) \u00e0 l\u2019aide d\u2019un biscuit rond. Disposez deux tomates cerises coup\u00e9es en deux \u00e0 gauche et \u00e0 droite \u00e0 c\u00f4t\u00e9 des crackers et d\u00e9corez les c\u00f4t\u00e9s de votre plateau de fromages de thym et de persil.<\/p>\n<p>Et maintenant, le clou du spectacle: le drapeau suisse! Il indique la capitale mondiale du fromage et le pays d\u2019origine de l\u2019Emmentaler AOP. C\u2019est ind\u00e9niable: le meilleur vient de Suisse!<\/p>\n<p>&nbsp;<\/p>\n<p><img loading=\"lazy\" decoding=\"async\" class=\"alignnone size-large wp-image-142435\" src=\"https:\/\/www.emmentaler.ch\/wp-content\/uploads\/2025\/10\/World_Cheese_Awards_Cheesy-Inspiration_Quer-1024x682.jpg\" alt=\"\" width=\"800\" height=\"533\" srcset=\"https:\/\/www.emmentaler.ch\/wp-content\/uploads\/2025\/10\/World_Cheese_Awards_Cheesy-Inspiration_Quer-1024x682.jpg 1024w, https:\/\/www.emmentaler.ch\/wp-content\/uploads\/2025\/10\/World_Cheese_Awards_Cheesy-Inspiration_Quer-300x200.jpg 300w, https:\/\/www.emmentaler.ch\/wp-content\/uploads\/2025\/10\/World_Cheese_Awards_Cheesy-Inspiration_Quer-768x512.jpg 768w, https:\/\/www.emmentaler.ch\/wp-content\/uploads\/2025\/10\/World_Cheese_Awards_Cheesy-Inspiration_Quer-1536x1023.jpg 1536w, https:\/\/www.emmentaler.ch\/wp-content\/uploads\/2025\/10\/World_Cheese_Awards_Cheesy-Inspiration_Quer.jpg 1635w\" sizes=\"(max-width: 800px) 100vw, 800px\" \/><\/p>\n","protected":false},"excerpt":{"rendered":"<p>Les \u00abWorld Cheese Awards\u00bb sont une manifestation internationale d\u00e9di\u00e9e au fromage qui se d\u00e9roulera pour la premi\u00e8re fois en Suisse en\u00a02025, \u00e0 Berne, la capitale f\u00e9d\u00e9rale. Pour rendre hommage aux meilleurs fromages du monde, nous cr\u00e9ons de quoi r\u00e9galer les yeux avec le fromage le plus c\u00e9l\u00e8bre du monde: place \u00e0 l\u2019Emmentaler AOP Globus Cheese [&hellip;]<\/p>\n","protected":false},"author":22,"featured_media":142435,"comment_status":"closed","ping_status":"closed","sticky":false,"template":"","format":"standard","meta":{"inline_featured_image":false,"footnotes":""},"categories":[814,786],"tags":[],"et_countries":[],"acf":[],"_links":{"self":[{"href":"https:\/\/www.emmentaler.ch\/fr\/wp-json\/wp\/v2\/posts\/142324"}],"collection":[{"href":"https:\/\/www.emmentaler.ch\/fr\/wp-json\/wp\/v2\/posts"}],"about":[{"href":"https:\/\/www.emmentaler.ch\/fr\/wp-json\/wp\/v2\/types\/post"}],"author":[{"embeddable":true,"href":"https:\/\/www.emmentaler.ch\/fr\/wp-json\/wp\/v2\/users\/22"}],"replies":[{"embeddable":true,"href":"https:\/\/www.emmentaler.ch\/fr\/wp-json\/wp\/v2\/comments?post=142324"}],"version-history":[{"count":2,"href":"https:\/\/www.emmentaler.ch\/fr\/wp-json\/wp\/v2\/posts\/142324\/revisions"}],"predecessor-version":[{"id":142440,"href":"https:\/\/www.emmentaler.ch\/fr\/wp-json\/wp\/v2\/posts\/142324\/revisions\/142440"}],"wp:featuredmedia":[{"embeddable":true,"href":"https:\/\/www.emmentaler.ch\/fr\/wp-json\/wp\/v2\/media\/142435"}],"wp:attachment":[{"href":"https:\/\/www.emmentaler.ch\/fr\/wp-json\/wp\/v2\/media?parent=142324"}],"wp:term":[{"taxonomy":"category","embeddable":true,"href":"https:\/\/www.emmentaler.ch\/fr\/wp-json\/wp\/v2\/categories?post=142324"},{"taxonomy":"post_tag","embeddable":true,"href":"https:\/\/www.emmentaler.ch\/fr\/wp-json\/wp\/v2\/tags?post=142324"},{"taxonomy":"et_countries","embeddable":true,"href":"https:\/\/www.emmentaler.ch\/fr\/wp-json\/wp\/v2\/et_countries?post=142324"}],"curies":[{"name":"wp","href":"https:\/\/api.w.org\/{rel}","templated":true}]}}