{"id":142653,"date":"2025-11-18T09:53:07","date_gmt":"2025-11-18T08:53:07","guid":{"rendered":"https:\/\/www.emmentaler.ch\/cheesy-inspiration-pere-noel"},"modified":"2025-11-18T09:56:59","modified_gmt":"2025-11-18T08:56:59","slug":"cheesy-inspiration-pere-noel","status":"publish","type":"post","link":"https:\/\/www.emmentaler.ch\/fr\/cheesy-inspiration-pere-noel","title":{"rendered":"Cheesy Inspiration: P\u00e8re No\u00ebl"},"content":{"rendered":"<p>Saviez-vous que le p\u00e8re No\u00ebl adorait le fromage? Sur son plateau de fromages festif, on retrouve non seulement des noix et des mandarines, mais aussi de l\u2019Emmentaler AOP, du salami \u00e9pic\u00e9 et une longue barbe en radis. Et cerise sur le g\u00e2teau: ici, on n\u2019est pas oblig\u00e9 de r\u00e9citer une comptine pour grignoter.<\/p>\n<p>Prenez une planche en bois ronde et un morceau plat d\u2019Emmentaler AOP. D\u00e9coupez le fromage en petits carr\u00e9s et disposez-les au milieu de la planche en formant une mosa\u00efque afin de modeler le visage du p\u00e8re No\u00ebl. Prenez deux morceaux de fromage allong\u00e9s pour dessiner sa moustache, une demi-tomate cerise pour son nez, et ajoutez deux pointes de mayonnaise surmont\u00e9es d\u2019un grain de poivre pour former ses yeux. Fa\u00e7onnez ensuite ses sourcils et la racine de ses cheveux avec des radis \u2013 et d\u00e9j\u00e0, votre p\u00e8re No\u00ebl vous regarde avec bienveillance.<\/p>\n<p>Pour le bonnet pointu rouge, placez un triangle de fines lamelles de salami sur la t\u00eate du p\u00e8re No\u00ebl. Fabriquez sa barbe blanche \u00e0 partir de radis finement coup\u00e9s et, comme il fait froid dehors, empourprez ses joues gr\u00e2ce \u00e0 deux canneberges s\u00e9ch\u00e9es.<\/p>\n<p>Pour finir, placez des crackers, des noix, des quartiers de mandarine, des abricots secs et des tomates cerises autour de son visage et d\u00e9corez le tout avec du cresson frais. Votre p\u00e8re No\u00ebl est pr\u00eat \u00e0 \u00eatre d\u00e9gust\u00e9. L\u2019avent commence bien!<\/p>\n<p>&nbsp;<\/p>\n<p><img loading=\"lazy\" decoding=\"async\" class=\"alignnone wp-image-142648 size-large\" src=\"https:\/\/www.emmentaler.ch\/wp-content\/uploads\/2025\/11\/EMMENTALER_SANTA-3_small-1024x682.jpg\" alt=\"\" width=\"1024\" height=\"682\" srcset=\"https:\/\/www.emmentaler.ch\/wp-content\/uploads\/2025\/11\/EMMENTALER_SANTA-3_small-1024x682.jpg 1024w, https:\/\/www.emmentaler.ch\/wp-content\/uploads\/2025\/11\/EMMENTALER_SANTA-3_small-300x200.jpg 300w, https:\/\/www.emmentaler.ch\/wp-content\/uploads\/2025\/11\/EMMENTALER_SANTA-3_small-768x512.jpg 768w, https:\/\/www.emmentaler.ch\/wp-content\/uploads\/2025\/11\/EMMENTALER_SANTA-3_small-1536x1023.jpg 1536w, https:\/\/www.emmentaler.ch\/wp-content\/uploads\/2025\/11\/EMMENTALER_SANTA-3_small.jpg 1651w\" sizes=\"(max-width: 1024px) 100vw, 1024px\" \/><\/p>\n","protected":false},"excerpt":{"rendered":"<p>Saviez-vous que le p\u00e8re No\u00ebl adorait le fromage? Sur son plateau de fromages festif, on retrouve non seulement des noix et des mandarines, mais aussi de l\u2019Emmentaler AOP, du salami \u00e9pic\u00e9 et une longue barbe en radis. Et cerise sur le g\u00e2teau: ici, on n\u2019est pas oblig\u00e9 de r\u00e9citer une comptine pour grignoter. Prenez une [&hellip;]<\/p>\n","protected":false},"author":22,"featured_media":142648,"comment_status":"closed","ping_status":"closed","sticky":false,"template":"","format":"standard","meta":{"inline_featured_image":false,"footnotes":""},"categories":[786,785],"tags":[],"et_countries":[],"acf":[],"_links":{"self":[{"href":"https:\/\/www.emmentaler.ch\/fr\/wp-json\/wp\/v2\/posts\/142653"}],"collection":[{"href":"https:\/\/www.emmentaler.ch\/fr\/wp-json\/wp\/v2\/posts"}],"about":[{"href":"https:\/\/www.emmentaler.ch\/fr\/wp-json\/wp\/v2\/types\/post"}],"author":[{"embeddable":true,"href":"https:\/\/www.emmentaler.ch\/fr\/wp-json\/wp\/v2\/users\/22"}],"replies":[{"embeddable":true,"href":"https:\/\/www.emmentaler.ch\/fr\/wp-json\/wp\/v2\/comments?post=142653"}],"version-history":[{"count":3,"href":"https:\/\/www.emmentaler.ch\/fr\/wp-json\/wp\/v2\/posts\/142653\/revisions"}],"predecessor-version":[{"id":142656,"href":"https:\/\/www.emmentaler.ch\/fr\/wp-json\/wp\/v2\/posts\/142653\/revisions\/142656"}],"wp:featuredmedia":[{"embeddable":true,"href":"https:\/\/www.emmentaler.ch\/fr\/wp-json\/wp\/v2\/media\/142648"}],"wp:attachment":[{"href":"https:\/\/www.emmentaler.ch\/fr\/wp-json\/wp\/v2\/media?parent=142653"}],"wp:term":[{"taxonomy":"category","embeddable":true,"href":"https:\/\/www.emmentaler.ch\/fr\/wp-json\/wp\/v2\/categories?post=142653"},{"taxonomy":"post_tag","embeddable":true,"href":"https:\/\/www.emmentaler.ch\/fr\/wp-json\/wp\/v2\/tags?post=142653"},{"taxonomy":"et_countries","embeddable":true,"href":"https:\/\/www.emmentaler.ch\/fr\/wp-json\/wp\/v2\/et_countries?post=142653"}],"curies":[{"name":"wp","href":"https:\/\/api.w.org\/{rel}","templated":true}]}}