{"id":56243,"date":"2021-06-13T10:01:21","date_gmt":"2021-06-13T08:01:21","guid":{"rendered":"https:\/\/www.emmentaler.ch\/naturel-et-bon-pour-la-sante-un-pur-plaisir"},"modified":"2022-07-28T17:32:50","modified_gmt":"2022-07-28T15:32:50","slug":"naturel-et-bon-pour-la-sante-un-pur-plaisir","status":"publish","type":"post","link":"https:\/\/www.emmentaler.ch\/fr\/naturel-et-bon-pour-la-sante-un-pur-plaisir","title":{"rendered":"Naturel et bon pour la sant\u00e9: un pur plaisir!"},"content":{"rendered":"<p>Tu es en t\u00e9l\u00e9travail, tu es souvent assis \u00e0 ton poste de travail ou tu manques globalement d\u2019exercice? Une alimentation raisonn\u00e9e \u00e0 base d\u2019aliments sains et naturels est d\u2019autant plus importante. Bonne nouvelle pour les amateurs de fromage, nous avons le conseil parfait pour une alimentation \u00e9quilibr\u00e9e: le fromage est bon pour la sant\u00e9! Quels sont les pr\u00e9cieux ingr\u00e9dients que l\u2019on trouve dans l\u2019Emmentaler AOP? <a href=\"https:\/\/www.emmentaler.ch\/fr\/le-fromage-est-il-bon-pour-la-sante\">Informe-toi sans plus tarder<\/a> et tu pourras manger ton prochain morceau d\u2019Emmentaler AOP la conscience tranquille.<\/p>\n<p><img loading=\"lazy\" decoding=\"async\" class=\"alignnone size-large wp-image-56029\" src=\"https:\/\/www.emmentaler.ch\/wp-content\/uploads\/2022\/04\/Pola_Juni_gesund_natuerlich-1024x1024.png\" alt=\"\" width=\"800\" height=\"800\" srcset=\"https:\/\/www.emmentaler.ch\/wp-content\/uploads\/2022\/04\/Pola_Juni_gesund_natuerlich-1024x1024.png 1024w, https:\/\/www.emmentaler.ch\/wp-content\/uploads\/2022\/04\/Pola_Juni_gesund_natuerlich-300x300.png 300w, https:\/\/www.emmentaler.ch\/wp-content\/uploads\/2022\/04\/Pola_Juni_gesund_natuerlich-150x150.png 150w, https:\/\/www.emmentaler.ch\/wp-content\/uploads\/2022\/04\/Pola_Juni_gesund_natuerlich-768x768.png 768w, https:\/\/www.emmentaler.ch\/wp-content\/uploads\/2022\/04\/Pola_Juni_gesund_natuerlich.png 1080w\" sizes=\"(max-width: 800px) 100vw, 800px\" \/><\/p>\n<p><img loading=\"lazy\" decoding=\"async\" class=\"alignnone size-large wp-image-56036\" src=\"https:\/\/www.emmentaler.ch\/wp-content\/uploads\/2022\/04\/LowSection_Gesund_Natuerlich-1024x683.jpg\" alt=\"\" width=\"800\" height=\"534\" srcset=\"https:\/\/www.emmentaler.ch\/wp-content\/uploads\/2022\/04\/LowSection_Gesund_Natuerlich-1024x683.jpg 1024w, https:\/\/www.emmentaler.ch\/wp-content\/uploads\/2022\/04\/LowSection_Gesund_Natuerlich-300x200.jpg 300w, https:\/\/www.emmentaler.ch\/wp-content\/uploads\/2022\/04\/LowSection_Gesund_Natuerlich-768x512.jpg 768w, https:\/\/www.emmentaler.ch\/wp-content\/uploads\/2022\/04\/LowSection_Gesund_Natuerlich-1536x1024.jpg 1536w, https:\/\/www.emmentaler.ch\/wp-content\/uploads\/2022\/04\/LowSection_Gesund_Natuerlich.jpg 1920w\" sizes=\"(max-width: 800px) 100vw, 800px\" \/><\/p>\n","protected":false},"excerpt":{"rendered":"<p>Tu es en t\u00e9l\u00e9travail, tu es souvent assis \u00e0 ton poste de travail ou tu manques globalement d\u2019exercice? Une alimentation raisonn\u00e9e \u00e0 base d\u2019aliments sains et naturels est d\u2019autant plus importante. Bonne nouvelle pour les amateurs de fromage, nous avons le conseil parfait pour une alimentation \u00e9quilibr\u00e9e: le fromage est bon pour la sant\u00e9! Quels [&hellip;]<\/p>\n","protected":false},"author":2,"featured_media":56029,"comment_status":"closed","ping_status":"closed","sticky":false,"template":"","format":"standard","meta":{"inline_featured_image":false,"footnotes":""},"categories":[17],"tags":[],"et_countries":[],"acf":{"additional_infos_teaser_title":"Une alimentation \u00e9quilibr\u00e9e avec l\u2019Emmentaler AOP","additional_infos_related_contents":null,"veroffentlichungsdatum":""},"_links":{"self":[{"href":"https:\/\/www.emmentaler.ch\/fr\/wp-json\/wp\/v2\/posts\/56243"}],"collection":[{"href":"https:\/\/www.emmentaler.ch\/fr\/wp-json\/wp\/v2\/posts"}],"about":[{"href":"https:\/\/www.emmentaler.ch\/fr\/wp-json\/wp\/v2\/types\/post"}],"author":[{"embeddable":true,"href":"https:\/\/www.emmentaler.ch\/fr\/wp-json\/wp\/v2\/users\/2"}],"replies":[{"embeddable":true,"href":"https:\/\/www.emmentaler.ch\/fr\/wp-json\/wp\/v2\/comments?post=56243"}],"version-history":[{"count":0,"href":"https:\/\/www.emmentaler.ch\/fr\/wp-json\/wp\/v2\/posts\/56243\/revisions"}],"wp:featuredmedia":[{"embeddable":true,"href":"https:\/\/www.emmentaler.ch\/fr\/wp-json\/wp\/v2\/media\/56029"}],"wp:attachment":[{"href":"https:\/\/www.emmentaler.ch\/fr\/wp-json\/wp\/v2\/media?parent=56243"}],"wp:term":[{"taxonomy":"category","embeddable":true,"href":"https:\/\/www.emmentaler.ch\/fr\/wp-json\/wp\/v2\/categories?post=56243"},{"taxonomy":"post_tag","embeddable":true,"href":"https:\/\/www.emmentaler.ch\/fr\/wp-json\/wp\/v2\/tags?post=56243"},{"taxonomy":"et_countries","embeddable":true,"href":"https:\/\/www.emmentaler.ch\/fr\/wp-json\/wp\/v2\/et_countries?post=56243"}],"curies":[{"name":"wp","href":"https:\/\/api.w.org\/{rel}","templated":true}]}}