{"id":56252,"date":"2021-11-10T14:00:53","date_gmt":"2021-11-10T13:00:53","guid":{"rendered":"https:\/\/www.emmentaler.ch\/ivo-adam-sublime-lemmentaler-aop-trois-recettes-a-tester"},"modified":"2022-05-24T14:36:41","modified_gmt":"2022-05-24T12:36:41","slug":"ivo-adam-sublime-lemmentaler-aop-trois-recettes-a-tester","status":"publish","type":"post","link":"https:\/\/www.emmentaler.ch\/fr\/ivo-adam-sublime-lemmentaler-aop-trois-recettes-a-tester","title":{"rendered":"Ivo Adam sublime l\u2019Emmentaler AOP"},"content":{"rendered":"<p>C\u2019est l\u2019une des figures de proue de la gastronomie suisse: Ivo Adam. Il a imagin\u00e9 trois nouveaux plats \u00e0 base d\u2019Emmentaler AOP pour Emmentaler Switzerland. Laisse-toi s\u00e9duire par l\u2019art de la cuisine et entre dans la peau d\u2019un chef \u00e9toil\u00e9.<\/p>\n<p><a href=\"https:\/\/www.gaultmillau.ch\/starchefs\/emmentaler-pur-creme-schaum\" target=\"_blank\" rel=\"noopener nofollow\">Ivo Adam, directeur du Casino de Berne, \u00e9labore des recettes \u00e0 base d\u2019Emmentaler AOP: GaultMillau \u2013 Channel<\/a><\/p>\n<p><a href=\"https:\/\/www.youtube.com\/watch?v=Catm728lV10\" target=\"_blank\" rel=\"noopener nofollow\">Film avec Ivo Adam et Emmentaler AOP: Gastrofacts<\/a><\/p>\n","protected":false},"excerpt":{"rendered":"<p>C\u2019est l\u2019une des figures de proue de la gastronomie suisse: Ivo Adam. Il a imagin\u00e9 trois nouveaux plats \u00e0 base d\u2019Emmentaler AOP pour Emmentaler Switzerland. Laisse-toi s\u00e9duire par l\u2019art de la cuisine et entre dans la peau d\u2019un chef \u00e9toil\u00e9. Ivo Adam, directeur du Casino de Berne, \u00e9labore des recettes \u00e0 base d\u2019Emmentaler AOP: GaultMillau [&hellip;]<\/p>\n","protected":false},"author":2,"featured_media":56090,"comment_status":"closed","ping_status":"closed","sticky":false,"template":"","format":"standard","meta":{"inline_featured_image":false,"footnotes":""},"categories":[17],"tags":[],"et_countries":[],"acf":{"additional_infos_teaser_title":"Trois recettes \u00e0 tester","additional_infos_related_contents":null,"veroffentlichungsdatum":""},"_links":{"self":[{"href":"https:\/\/www.emmentaler.ch\/fr\/wp-json\/wp\/v2\/posts\/56252"}],"collection":[{"href":"https:\/\/www.emmentaler.ch\/fr\/wp-json\/wp\/v2\/posts"}],"about":[{"href":"https:\/\/www.emmentaler.ch\/fr\/wp-json\/wp\/v2\/types\/post"}],"author":[{"embeddable":true,"href":"https:\/\/www.emmentaler.ch\/fr\/wp-json\/wp\/v2\/users\/2"}],"replies":[{"embeddable":true,"href":"https:\/\/www.emmentaler.ch\/fr\/wp-json\/wp\/v2\/comments?post=56252"}],"version-history":[{"count":0,"href":"https:\/\/www.emmentaler.ch\/fr\/wp-json\/wp\/v2\/posts\/56252\/revisions"}],"wp:featuredmedia":[{"embeddable":true,"href":"https:\/\/www.emmentaler.ch\/fr\/wp-json\/wp\/v2\/media\/56090"}],"wp:attachment":[{"href":"https:\/\/www.emmentaler.ch\/fr\/wp-json\/wp\/v2\/media?parent=56252"}],"wp:term":[{"taxonomy":"category","embeddable":true,"href":"https:\/\/www.emmentaler.ch\/fr\/wp-json\/wp\/v2\/categories?post=56252"},{"taxonomy":"post_tag","embeddable":true,"href":"https:\/\/www.emmentaler.ch\/fr\/wp-json\/wp\/v2\/tags?post=56252"},{"taxonomy":"et_countries","embeddable":true,"href":"https:\/\/www.emmentaler.ch\/fr\/wp-json\/wp\/v2\/et_countries?post=56252"}],"curies":[{"name":"wp","href":"https:\/\/api.w.org\/{rel}","templated":true}]}}