{"id":56259,"date":"2022-02-22T08:32:53","date_gmt":"2022-02-22T07:32:53","guid":{"rendered":"https:\/\/www.emmentaler.ch\/la-cle-dun-hiver-en-pleine-forme"},"modified":"2022-07-28T17:20:50","modified_gmt":"2022-07-28T15:20:50","slug":"la-cle-dun-hiver-en-pleine-forme","status":"publish","type":"post","link":"https:\/\/www.emmentaler.ch\/fr\/la-cle-dun-hiver-en-pleine-forme","title":{"rendered":"La cl\u00e9 d\u2019un hiver en pleine forme"},"content":{"rendered":"<p>Tous les amateurs de fromages peuvent se r\u00e9jouir: l\u2019Emmentaler AOP est bon pour la sant\u00e9! Gr\u00e2ce aux prot\u00e9ines, au calcium et aux vitamines qu\u2019il contient, il fournit \u00e0 l\u2019organisme de pr\u00e9cieux nutriments. Et ce n\u2019est pas tout: saviez-vous que l\u2019Emmentaler AOP est exempt de lactose \u00e0 100%? <a href=\"https:\/\/www.emmentaler.ch\/fr\/le-fromage-est-il-bon-pour-la-sante\">D\u00e9couvrez<\/a> les particularit\u00e9s de ce fromage ultra sain.<\/p>\n<p><img loading=\"lazy\" decoding=\"async\" class=\"alignnone wp-image-56166 size-large\" src=\"https:\/\/www.emmentaler.ch\/wp-content\/uploads\/2022\/04\/Pola_Februar_Superfood-1024x1024.jpg\" alt=\"\" width=\"1024\" height=\"1024\" srcset=\"https:\/\/www.emmentaler.ch\/wp-content\/uploads\/2022\/04\/Pola_Februar_Superfood-1024x1024.jpg 1024w, https:\/\/www.emmentaler.ch\/wp-content\/uploads\/2022\/04\/Pola_Februar_Superfood-300x300.jpg 300w, https:\/\/www.emmentaler.ch\/wp-content\/uploads\/2022\/04\/Pola_Februar_Superfood-150x150.jpg 150w, https:\/\/www.emmentaler.ch\/wp-content\/uploads\/2022\/04\/Pola_Februar_Superfood-768x768.jpg 768w, https:\/\/www.emmentaler.ch\/wp-content\/uploads\/2022\/04\/Pola_Februar_Superfood.jpg 1440w\" sizes=\"(max-width: 1024px) 100vw, 1024px\" \/><\/p>\n<p><img loading=\"lazy\" decoding=\"async\" class=\"alignnone wp-image-56171 size-large\" src=\"https:\/\/www.emmentaler.ch\/wp-content\/uploads\/2022\/04\/Pola_Februar_LowerSection_Superfood-1024x768.jpg\" alt=\"\" width=\"1024\" height=\"768\" srcset=\"https:\/\/www.emmentaler.ch\/wp-content\/uploads\/2022\/04\/Pola_Februar_LowerSection_Superfood-1024x768.jpg 1024w, https:\/\/www.emmentaler.ch\/wp-content\/uploads\/2022\/04\/Pola_Februar_LowerSection_Superfood-300x225.jpg 300w, https:\/\/www.emmentaler.ch\/wp-content\/uploads\/2022\/04\/Pola_Februar_LowerSection_Superfood-768x576.jpg 768w, https:\/\/www.emmentaler.ch\/wp-content\/uploads\/2022\/04\/Pola_Februar_LowerSection_Superfood-1536x1152.jpg 1536w, https:\/\/www.emmentaler.ch\/wp-content\/uploads\/2022\/04\/Pola_Februar_LowerSection_Superfood.jpg 1920w\" sizes=\"(max-width: 1024px) 100vw, 1024px\" \/><\/p>\n","protected":false},"excerpt":{"rendered":"<p>Tous les amateurs de fromages peuvent se r\u00e9jouir: l\u2019Emmentaler AOP est bon pour la sant\u00e9! Gr\u00e2ce aux prot\u00e9ines, au calcium et aux vitamines qu\u2019il contient, il fournit \u00e0 l\u2019organisme de pr\u00e9cieux nutriments. Et ce n\u2019est pas tout: saviez-vous que l\u2019Emmentaler AOP est exempt de lactose \u00e0 100%? D\u00e9couvrez les particularit\u00e9s de ce fromage ultra sain.<\/p>\n","protected":false},"author":2,"featured_media":56167,"comment_status":"closed","ping_status":"closed","sticky":false,"template":"","format":"standard","meta":{"inline_featured_image":false,"footnotes":""},"categories":[17],"tags":[],"et_countries":[],"acf":{"additional_infos_teaser_title":"L\u2019Emmentaler AOP","additional_infos_related_contents":null,"veroffentlichungsdatum":""},"_links":{"self":[{"href":"https:\/\/www.emmentaler.ch\/fr\/wp-json\/wp\/v2\/posts\/56259"}],"collection":[{"href":"https:\/\/www.emmentaler.ch\/fr\/wp-json\/wp\/v2\/posts"}],"about":[{"href":"https:\/\/www.emmentaler.ch\/fr\/wp-json\/wp\/v2\/types\/post"}],"author":[{"embeddable":true,"href":"https:\/\/www.emmentaler.ch\/fr\/wp-json\/wp\/v2\/users\/2"}],"replies":[{"embeddable":true,"href":"https:\/\/www.emmentaler.ch\/fr\/wp-json\/wp\/v2\/comments?post=56259"}],"version-history":[{"count":0,"href":"https:\/\/www.emmentaler.ch\/fr\/wp-json\/wp\/v2\/posts\/56259\/revisions"}],"wp:featuredmedia":[{"embeddable":true,"href":"https:\/\/www.emmentaler.ch\/fr\/wp-json\/wp\/v2\/media\/56167"}],"wp:attachment":[{"href":"https:\/\/www.emmentaler.ch\/fr\/wp-json\/wp\/v2\/media?parent=56259"}],"wp:term":[{"taxonomy":"category","embeddable":true,"href":"https:\/\/www.emmentaler.ch\/fr\/wp-json\/wp\/v2\/categories?post=56259"},{"taxonomy":"post_tag","embeddable":true,"href":"https:\/\/www.emmentaler.ch\/fr\/wp-json\/wp\/v2\/tags?post=56259"},{"taxonomy":"et_countries","embeddable":true,"href":"https:\/\/www.emmentaler.ch\/fr\/wp-json\/wp\/v2\/et_countries?post=56259"}],"curies":[{"name":"wp","href":"https:\/\/api.w.org\/{rel}","templated":true}]}}