{"id":65996,"date":"2022-05-13T13:13:23","date_gmt":"2022-05-13T11:13:23","guid":{"rendered":"https:\/\/www.emmentaler.ch\/beaucoup-dexercice-en-plein-air"},"modified":"2022-07-27T16:55:30","modified_gmt":"2022-07-27T14:55:30","slug":"beaucoup-dexercice-en-plein-air","status":"publish","type":"post","link":"https:\/\/www.emmentaler.ch\/fr\/beaucoup-dexercice-en-plein-air","title":{"rendered":"Beaucoup d\u2019exercice en plein air"},"content":{"rendered":"<p>Dans leur ferme, nos vaches font \u00e9norm\u00e9ment d\u2019exercice en plein air. Lorsqu\u2019elles ne sont pas au p\u00e2turage (par exemple la nuit ou pendant les hivers rigoureux), elles vivent dans des exploitations agricoles r\u00e9solument modernes, o\u00f9 elles peuvent se d\u00e9placer librement et profiter de la lumi\u00e8re du jour. En \u00e9t\u00e9, les vaches paissent g\u00e9n\u00e9ralement au moins 26\u00a0jours par mois sur un p\u00e2turage avec beaucoup d\u2019espace. En hiver, elles se prom\u00e8nent \u00e0 l\u2019air libre \u00e0 la ferme ou sur un p\u00e2turage au minimum 13 jours par mois, si possible.<\/p>\n<p><img loading=\"lazy\" decoding=\"async\" class=\"alignnone size-full wp-image-1094\" src=\"https:\/\/www.emmentaler.ch\/wp-content\/uploads\/2022\/05\/was_fressen_kuehe_2.jpg\" alt=\"\" width=\"1920\" height=\"1080\"><\/p>\n<p>Quelle que soit la saison, les vaches laiti\u00e8res peuvent manger, ruminer, dig\u00e9rer, se reposer et se sociabiliser avec leurs cong\u00e9n\u00e8res au gr\u00e9 de leurs besoins. En effet, les vaches sont des animaux tr\u00e8s sociables.<\/p>\n<p>Chez Emmentaler Switzerland, nous sommes tr\u00e8s fiers que les producteurs laitiers suisses appliquent une loi sur la protection des animaux stricte, globale et exemplaire.<br \/>\n<a href=\"https:\/\/www.swissmilk.ch\/fr\/le-lait-suisse\/nos-vaches\/elevage-laitier-respectueux-des-animaux\/\" target=\"_blank\" rel=\"noopener nofollow\">En savoir plus<\/a><\/p>\n<p>&nbsp;<\/p>\n","protected":false},"excerpt":{"rendered":"<p>Dans leur ferme, nos vaches font \u00e9norm\u00e9ment d\u2019exercice en plein air. Lorsqu\u2019elles ne sont pas au p\u00e2turage (par exemple la nuit ou pendant les hivers rigoureux), elles vivent dans des exploitations agricoles r\u00e9solument modernes, o\u00f9 elles peuvent se d\u00e9placer librement et profiter de la lumi\u00e8re du jour. En \u00e9t\u00e9, les vaches paissent g\u00e9n\u00e9ralement au moins [&hellip;]<\/p>\n","protected":false},"author":2,"featured_media":65630,"comment_status":"closed","ping_status":"closed","sticky":false,"template":"","format":"standard","meta":{"inline_featured_image":false,"footnotes":""},"categories":[521],"tags":[],"et_countries":[],"acf":{"additional_infos_teaser_title":"Une loi exemplaire sur la protection des animaux","additional_infos_related_contents":null,"veroffentlichungsdatum":""},"_links":{"self":[{"href":"https:\/\/www.emmentaler.ch\/fr\/wp-json\/wp\/v2\/posts\/65996"}],"collection":[{"href":"https:\/\/www.emmentaler.ch\/fr\/wp-json\/wp\/v2\/posts"}],"about":[{"href":"https:\/\/www.emmentaler.ch\/fr\/wp-json\/wp\/v2\/types\/post"}],"author":[{"embeddable":true,"href":"https:\/\/www.emmentaler.ch\/fr\/wp-json\/wp\/v2\/users\/2"}],"replies":[{"embeddable":true,"href":"https:\/\/www.emmentaler.ch\/fr\/wp-json\/wp\/v2\/comments?post=65996"}],"version-history":[{"count":0,"href":"https:\/\/www.emmentaler.ch\/fr\/wp-json\/wp\/v2\/posts\/65996\/revisions"}],"wp:featuredmedia":[{"embeddable":true,"href":"https:\/\/www.emmentaler.ch\/fr\/wp-json\/wp\/v2\/media\/65630"}],"wp:attachment":[{"href":"https:\/\/www.emmentaler.ch\/fr\/wp-json\/wp\/v2\/media?parent=65996"}],"wp:term":[{"taxonomy":"category","embeddable":true,"href":"https:\/\/www.emmentaler.ch\/fr\/wp-json\/wp\/v2\/categories?post=65996"},{"taxonomy":"post_tag","embeddable":true,"href":"https:\/\/www.emmentaler.ch\/fr\/wp-json\/wp\/v2\/tags?post=65996"},{"taxonomy":"et_countries","embeddable":true,"href":"https:\/\/www.emmentaler.ch\/fr\/wp-json\/wp\/v2\/et_countries?post=65996"}],"curies":[{"name":"wp","href":"https:\/\/api.w.org\/{rel}","templated":true}]}}