{"id":138298,"date":"2024-08-06T08:41:07","date_gmt":"2024-08-06T06:41:07","guid":{"rendered":"https:\/\/www.emmentaler.ch\/food-pairing-formaggio-emmentaler-dop-e-birra-mein-emmental"},"modified":"2024-08-14T08:26:01","modified_gmt":"2024-08-14T06:26:01","slug":"food-pairing-formaggio-emmentaler-dop-e-birra-mein-emmental","status":"publish","type":"post","link":"https:\/\/www.emmentaler.ch\/it\/food-pairing-formaggio-emmentaler-dop-e-birra-mein-emmental","title":{"rendered":"Food Pairing \u2013 Formaggio Emmentaler DOP e birra Mein Emmental"},"content":{"rendered":"<h2><strong>Formaggio Emmentaler DOP e birra Mein Emmental<\/strong><\/h2>\n<p>Siamo stati in visita alla\u00a0<a href=\"https:\/\/mein-emmental.ch\/\" target=\"_blank\" rel=\"noopener nofollow\"><strong>Brausch\u00fc\u00fcr di Zollbr\u00fcck<\/strong><\/a>\u00a0e, insieme a una sommeli\u00e8re del formaggio e una della birra, abbiamo assaggiato Emmentaler DOP con gradi di maturazione differenti, abbinandolo alla birra artigianale della Brausch\u00fc\u00fcr pi\u00f9 adatta \u2013 un momento di vero piacere per il palato. Come quasi tutti sanno, la birra e il formaggio si abbinano perfettamente. Che si tratti di un Emmentaler DOP dolce o di un formaggio forte a lunga stagionatura, c\u2019\u00e8 sempre la birra adatta da abbinare che ne completa il sapore. Un cordiale ringraziamento alla Brausch\u00fc\u00fcr per l\u2019ospitalit\u00e0 e per questa giornata ispiratrice.<\/p>\n<p>Buon divertimento con la scoperta e la degustazione di ottimi abbinamenti culinari.<\/p>\n<p>&nbsp;<\/p>\n<p><strong>Emmentaler DOP Delicato e birra Mein Emmental &#8220;Goud&#8221;<\/strong><\/p>\n<figure id=\"attachment_138213\" aria-describedby=\"caption-attachment-138213\" style=\"width: 611px\" class=\"wp-caption alignnone\"><img loading=\"lazy\" decoding=\"async\" class=\"wp-image-138210 \" src=\"https:\/\/www.emmentaler.ch\/wp-content\/uploads\/2024\/08\/Emmentaler-AOP-Mild-und-mein-Emmental-Bier-Goud-1024x683.jpg\" alt=\"Emmentaler AOP Mild und mein Emmental Bier Goud\" width=\"611\" height=\"407\" srcset=\"https:\/\/www.emmentaler.ch\/wp-content\/uploads\/2024\/08\/Emmentaler-AOP-Mild-und-mein-Emmental-Bier-Goud-1024x683.jpg 1024w, https:\/\/www.emmentaler.ch\/wp-content\/uploads\/2024\/08\/Emmentaler-AOP-Mild-und-mein-Emmental-Bier-Goud-300x200.jpg 300w, https:\/\/www.emmentaler.ch\/wp-content\/uploads\/2024\/08\/Emmentaler-AOP-Mild-und-mein-Emmental-Bier-Goud-768x512.jpg 768w, https:\/\/www.emmentaler.ch\/wp-content\/uploads\/2024\/08\/Emmentaler-AOP-Mild-und-mein-Emmental-Bier-Goud.jpg 1350w\" sizes=\"(max-width: 611px) 100vw, 611px\" \/><figcaption id=\"caption-attachment-138213\" class=\"wp-caption-text\">Emmentaler DOP Delicato e birra mein Emmental &#8220;Goud&#8221;<\/figcaption><\/figure>\n<p>Una variet\u00e0 giovane e dolce incontra brio e gradevolezza. La tipica dolcezza nocciolata dell\u2019<a href=\"https:\/\/www.emmentaler.ch\/it\/assortimento\/emmentaler-dop-dolce-classico\" target=\"_blank\" rel=\"noopener\"><strong>Emmentaler DOP Delicato<\/strong><\/a>\u00a0danza allegramente con le note leggermente amare del luppolo contenuto nella birra lager.<br \/>\nL\u2019abbinamento birra-formaggio pu\u00f2 essere cos\u00ec piacevolmente rinfrescante.\u00a0<a href=\"https:\/\/mein-emmental.ch\/unsere-biere\/\" target=\"_blank\" rel=\"noopener nofollow\"><strong>La \u00abGoud\u00bb<\/strong><\/a>, un dorato successo<\/p>\n<p>&nbsp;<\/p>\n<p><strong>Emmentaler DOP Surchoix e birra Mein Emmental &#8220;Rot Baron&#8221;<\/strong><\/p>\n<figure id=\"attachment_138226\" aria-describedby=\"caption-attachment-138226\" style=\"width: 621px\" class=\"wp-caption alignnone\"><img loading=\"lazy\" decoding=\"async\" class=\"wp-image-138223 \" src=\"https:\/\/www.emmentaler.ch\/wp-content\/uploads\/2024\/08\/Emmentaler-AOP-Surchoix-und-mein-Emmental-Rot-Baron-e1722868411496.jpg\" alt=\"Emmentaler AOP Surchoix und mein Emmental Rot Baron\" width=\"621\" height=\"403\" srcset=\"https:\/\/www.emmentaler.ch\/wp-content\/uploads\/2024\/08\/Emmentaler-AOP-Surchoix-und-mein-Emmental-Rot-Baron-e1722868411496.jpg 1856w, https:\/\/www.emmentaler.ch\/wp-content\/uploads\/2024\/08\/Emmentaler-AOP-Surchoix-und-mein-Emmental-Rot-Baron-e1722868411496-300x195.jpg 300w, https:\/\/www.emmentaler.ch\/wp-content\/uploads\/2024\/08\/Emmentaler-AOP-Surchoix-und-mein-Emmental-Rot-Baron-e1722868411496-1024x664.jpg 1024w, https:\/\/www.emmentaler.ch\/wp-content\/uploads\/2024\/08\/Emmentaler-AOP-Surchoix-und-mein-Emmental-Rot-Baron-e1722868411496-768x498.jpg 768w, https:\/\/www.emmentaler.ch\/wp-content\/uploads\/2024\/08\/Emmentaler-AOP-Surchoix-und-mein-Emmental-Rot-Baron-e1722868411496-1536x996.jpg 1536w\" sizes=\"(max-width: 621px) 100vw, 621px\" \/><figcaption id=\"caption-attachment-138226\" class=\"wp-caption-text\">Emmentaler DOP Surchoix e birra mein Emmental &#8220;Rot Baron&#8221;<\/figcaption><\/figure>\n<p>Il carattere aromatico del Surchoix incontra il gusto pieno della birra Baron. Il tenero e saporito <a href=\"https:\/\/www.emmentaler.ch\/it\/assortimento\/emmentaler-aop-reserve-surchoix\" target=\"_blank\" rel=\"noopener\"><strong>Emmentaler DOP Surchoix<\/strong><\/a>, con il suo aroma leggermente floreale, accoglie elegantemente il corpo di malto, delicatamente tostato e con avvolgenti note di caramello, di questa ambrata speciale.\u00a0<a href=\"https:\/\/mein-emmental.ch\/unsere-biere\/\" target=\"_blank\" rel=\"noopener nofollow\"><strong>La \u201cRot Baron\u201d<\/strong><\/a>, una nobile compagna.<\/p>\n<p>&nbsp;<\/p>\n<p><strong>Emmentaler DOP Grotta e birra Mein Emmental \u00abPlag\u00f6\u00f6ri\u00bb<\/strong><\/p>\n<figure id=\"attachment_138232\" aria-describedby=\"caption-attachment-138232\" style=\"width: 629px\" class=\"wp-caption alignnone\"><img loading=\"lazy\" decoding=\"async\" class=\"wp-image-138229 \" src=\"https:\/\/www.emmentaler.ch\/wp-content\/uploads\/2024\/08\/Emmentaler-AOP-Hoehlengereift-und-mein-Emmental-Plagoeoeri-1024x683.jpg\" alt=\"Emmentaler AOP H\u00f6hlengereift und mein Emmental Bier Plag\u00f6\u00f6ri\" width=\"629\" height=\"420\" srcset=\"https:\/\/www.emmentaler.ch\/wp-content\/uploads\/2024\/08\/Emmentaler-AOP-Hoehlengereift-und-mein-Emmental-Plagoeoeri-1024x683.jpg 1024w, https:\/\/www.emmentaler.ch\/wp-content\/uploads\/2024\/08\/Emmentaler-AOP-Hoehlengereift-und-mein-Emmental-Plagoeoeri-300x200.jpg 300w, https:\/\/www.emmentaler.ch\/wp-content\/uploads\/2024\/08\/Emmentaler-AOP-Hoehlengereift-und-mein-Emmental-Plagoeoeri-768x512.jpg 768w, https:\/\/www.emmentaler.ch\/wp-content\/uploads\/2024\/08\/Emmentaler-AOP-Hoehlengereift-und-mein-Emmental-Plagoeoeri-1536x1024.jpg 1536w, https:\/\/www.emmentaler.ch\/wp-content\/uploads\/2024\/08\/Emmentaler-AOP-Hoehlengereift-und-mein-Emmental-Plagoeoeri.jpg 2048w\" sizes=\"(max-width: 629px) 100vw, 629px\" \/><figcaption id=\"caption-attachment-138232\" class=\"wp-caption-text\">Emmentaler DOP Grotta e birra mein Emmental &#8220;Plag\u00f6\u00f6ri&#8221;<\/figcaption><\/figure>\n<p>Un formaggio artigianale stagionato in grotta naturale incontra una birra esotica fruttata. L\u2019<a href=\"https:\/\/www.emmentaler.ch\/it\/assortimento\/emmentaler-dop-grotta\" target=\"_blank\" rel=\"noopener\"><strong>Emmentaler DOP Grotta<\/strong><\/a>, perfettamente raffinato e dolcemente piccante, attira la fruttata India Pale Ale dalla ricercata nota di luppolo \u2013 due opposti che sul palato si armonizzano tacitamente.\u00a0<a href=\"https:\/\/mein-emmental.ch\/unsere-biere\/\" target=\"_blank\" rel=\"noopener nofollow\"><strong>La \u00abPlag\u00f6\u00f6ri<\/strong><\/a>\u00bb, mantiene ci\u00f2 che promette.<\/p>\n<p>&nbsp;<\/p>\n<p><strong>Emmentaler DOP Extra e birra Mein Emmental \u00abHagu Hans\u00bb<\/strong><\/p>\n<figure id=\"attachment_138238\" aria-describedby=\"caption-attachment-138238\" style=\"width: 641px\" class=\"wp-caption alignnone\"><img loading=\"lazy\" decoding=\"async\" class=\"wp-image-138235 \" src=\"https:\/\/www.emmentaler.ch\/wp-content\/uploads\/2024\/08\/Emmentaler-AOP-Extra-und-mein-Emmental-Bier-Hagu-Hans-1024x683.jpg\" alt=\"Emmentaler AOP Extra und mein Emmental Bier Hagu Hans\" width=\"641\" height=\"427\" srcset=\"https:\/\/www.emmentaler.ch\/wp-content\/uploads\/2024\/08\/Emmentaler-AOP-Extra-und-mein-Emmental-Bier-Hagu-Hans-1024x683.jpg 1024w, https:\/\/www.emmentaler.ch\/wp-content\/uploads\/2024\/08\/Emmentaler-AOP-Extra-und-mein-Emmental-Bier-Hagu-Hans-300x200.jpg 300w, https:\/\/www.emmentaler.ch\/wp-content\/uploads\/2024\/08\/Emmentaler-AOP-Extra-und-mein-Emmental-Bier-Hagu-Hans-768x512.jpg 768w, https:\/\/www.emmentaler.ch\/wp-content\/uploads\/2024\/08\/Emmentaler-AOP-Extra-und-mein-Emmental-Bier-Hagu-Hans-1536x1024.jpg 1536w, https:\/\/www.emmentaler.ch\/wp-content\/uploads\/2024\/08\/Emmentaler-AOP-Extra-und-mein-Emmental-Bier-Hagu-Hans.jpg 2048w\" sizes=\"(max-width: 641px) 100vw, 641px\" \/><figcaption id=\"caption-attachment-138238\" class=\"wp-caption-text\">Emmentaler DOP Extra e birra mein Emmental &#8220;Hagu Hans&#8221;<\/figcaption><\/figure>\n<p>La piccantezza del formaggio incontra la stravaganza fruttata della birra scura. L\u2019<a href=\"https:\/\/www.emmentaler.ch\/it\/assortimento\/emmentaler-dop-extra\" target=\"_blank\" rel=\"noopener\"><strong>Emmentaler AOP Extra<\/strong><\/a>, forte e saporito, assorbe dolcemente i caratteristici aromi tostati dal carattere fruttato della India Pale Ale scura. Due tipi rustici che offrono con la massima naturalezza una festa per il palato senza eguali.\u00a0<a href=\"https:\/\/mein-emmental.ch\/unsere-biere\/\" target=\"_blank\" rel=\"noopener nofollow\"><strong>La \u201cHagu Hans\u201d<\/strong><\/a>, una partner incredibilmente affascinante.<\/p>\n<p>&nbsp;<\/p>\n","protected":false},"excerpt":{"rendered":"<p>Formaggio Emmentaler DOP e birra Mein Emmental Siamo stati in visita alla\u00a0Brausch\u00fc\u00fcr di Zollbr\u00fcck\u00a0e, insieme a una sommeli\u00e8re del formaggio e una della birra, abbiamo assaggiato Emmentaler DOP con gradi di maturazione differenti, abbinandolo alla birra artigianale della Brausch\u00fc\u00fcr pi\u00f9 adatta \u2013 un momento di vero piacere per il palato. Come quasi tutti sanno, la [&hellip;]<\/p>\n","protected":false},"author":17,"featured_media":138206,"comment_status":"closed","ping_status":"closed","sticky":false,"template":"","format":"standard","meta":{"inline_featured_image":false,"footnotes":""},"categories":[18],"tags":[],"et_countries":[],"acf":{"additional_infos_teaser_title":"Una delizia culinaria da provare: l\u2019abbinamento perfetto di formaggio e birra","additional_infos_related_contents":null,"veroffentlichungsdatum":""},"_links":{"self":[{"href":"https:\/\/www.emmentaler.ch\/it\/wp-json\/wp\/v2\/posts\/138298"}],"collection":[{"href":"https:\/\/www.emmentaler.ch\/it\/wp-json\/wp\/v2\/posts"}],"about":[{"href":"https:\/\/www.emmentaler.ch\/it\/wp-json\/wp\/v2\/types\/post"}],"author":[{"embeddable":true,"href":"https:\/\/www.emmentaler.ch\/it\/wp-json\/wp\/v2\/users\/17"}],"replies":[{"embeddable":true,"href":"https:\/\/www.emmentaler.ch\/it\/wp-json\/wp\/v2\/comments?post=138298"}],"version-history":[{"count":4,"href":"https:\/\/www.emmentaler.ch\/it\/wp-json\/wp\/v2\/posts\/138298\/revisions"}],"predecessor-version":[{"id":138302,"href":"https:\/\/www.emmentaler.ch\/it\/wp-json\/wp\/v2\/posts\/138298\/revisions\/138302"}],"wp:featuredmedia":[{"embeddable":true,"href":"https:\/\/www.emmentaler.ch\/it\/wp-json\/wp\/v2\/media\/138206"}],"wp:attachment":[{"href":"https:\/\/www.emmentaler.ch\/it\/wp-json\/wp\/v2\/media?parent=138298"}],"wp:term":[{"taxonomy":"category","embeddable":true,"href":"https:\/\/www.emmentaler.ch\/it\/wp-json\/wp\/v2\/categories?post=138298"},{"taxonomy":"post_tag","embeddable":true,"href":"https:\/\/www.emmentaler.ch\/it\/wp-json\/wp\/v2\/tags?post=138298"},{"taxonomy":"et_countries","embeddable":true,"href":"https:\/\/www.emmentaler.ch\/it\/wp-json\/wp\/v2\/et_countries?post=138298"}],"curies":[{"name":"wp","href":"https:\/\/api.w.org\/{rel}","templated":true}]}}