{"id":139283,"date":"2024-11-27T11:45:02","date_gmt":"2024-11-27T10:45:02","guid":{"rendered":"https:\/\/www.emmentaler.ch\/corona-dellavvento"},"modified":"2024-12-04T16:19:58","modified_gmt":"2024-12-04T15:19:58","slug":"cheesy-inspiration-corona-dellavvento","status":"publish","type":"post","link":"https:\/\/www.emmentaler.ch\/it\/cheesy-inspiration-corona-dellavvento","title":{"rendered":"Corona dell\u2019Avvento"},"content":{"rendered":"<p><strong>Durante l\u2019Avvento si attende con gioia la grande festa del Natale che si avvicina piano piano. A creare un senso di vicinanza pu\u00f2 essere anche una corona dell\u2019Avvento realizzata con rosmarino profumato e stelle di Emmentaler DOP, che offre qualcosa che le altre corone non hanno: un sapore celestiale. Con questa corona dell\u2019Avvento tutta da gustare, l\u2019attesa del Natale sar\u00e0 ancora pi\u00f9 deliziosa!<\/strong><\/p>\n<p><img loading=\"lazy\" decoding=\"async\" class=\"alignnone size-full wp-image-139244\" src=\"https:\/\/www.emmentaler.ch\/wp-content\/uploads\/2024\/11\/Adventskranz_.jpg\" alt=\"\" width=\"665\" height=\"590\" srcset=\"https:\/\/www.emmentaler.ch\/wp-content\/uploads\/2024\/11\/Adventskranz_.jpg 665w, https:\/\/www.emmentaler.ch\/wp-content\/uploads\/2024\/11\/Adventskranz_-300x266.jpg 300w\" sizes=\"(max-width: 665px) 100vw, 665px\" \/><\/p>\n<p>&nbsp;<\/p>\n<p>Ricoprire il bordo di un tagliere rotondo con abbondanti rametti di rosmarino in modo da formare una corona verde. Posizionare in alto, sopra i rametti, un fiocco di tessuto di un bel colore a contrasto (ad es. rosso).<\/p>\n<p>Utilizzando uno stampo per biscotti, ricavare diverse stelle da una spessa fetta di Emmentaler DOP e distribuirle sulla corona. Le stelle possono essere di dimensioni diverse.<\/p>\n<p>Tagliare a met\u00e0 dei pomodorini rossi e gialli e posizionarli negli spazi vuoti della corona. Per renderla ancora pi\u00f9 originale e colorata, si pu\u00f2 arricchire la decorazione con delle fette di cetriolo. Se lo si desidera, aggiungere anche alcune candele, qualche fetta di pane o dei cracker, ed ecco pronta la corona dell\u2019Avvento Cheese Board.<\/p>\n","protected":false},"excerpt":{"rendered":"<p>Durante l\u2019Avvento si attende con gioia la grande festa del Natale che si avvicina piano piano. A creare un senso di vicinanza pu\u00f2 essere anche una corona dell\u2019Avvento realizzata con rosmarino profumato e stelle di Emmentaler DOP, che offre qualcosa che le altre corone non hanno: un sapore celestiale. Con questa corona dell\u2019Avvento tutta da [&hellip;]<\/p>\n","protected":false},"author":17,"featured_media":139225,"comment_status":"closed","ping_status":"closed","sticky":false,"template":"","format":"standard","meta":{"inline_featured_image":false,"footnotes":""},"categories":[800,797],"tags":[],"et_countries":[],"acf":[],"_links":{"self":[{"href":"https:\/\/www.emmentaler.ch\/it\/wp-json\/wp\/v2\/posts\/139283"}],"collection":[{"href":"https:\/\/www.emmentaler.ch\/it\/wp-json\/wp\/v2\/posts"}],"about":[{"href":"https:\/\/www.emmentaler.ch\/it\/wp-json\/wp\/v2\/types\/post"}],"author":[{"embeddable":true,"href":"https:\/\/www.emmentaler.ch\/it\/wp-json\/wp\/v2\/users\/17"}],"replies":[{"embeddable":true,"href":"https:\/\/www.emmentaler.ch\/it\/wp-json\/wp\/v2\/comments?post=139283"}],"version-history":[{"count":1,"href":"https:\/\/www.emmentaler.ch\/it\/wp-json\/wp\/v2\/posts\/139283\/revisions"}],"predecessor-version":[{"id":139284,"href":"https:\/\/www.emmentaler.ch\/it\/wp-json\/wp\/v2\/posts\/139283\/revisions\/139284"}],"wp:featuredmedia":[{"embeddable":true,"href":"https:\/\/www.emmentaler.ch\/it\/wp-json\/wp\/v2\/media\/139225"}],"wp:attachment":[{"href":"https:\/\/www.emmentaler.ch\/it\/wp-json\/wp\/v2\/media?parent=139283"}],"wp:term":[{"taxonomy":"category","embeddable":true,"href":"https:\/\/www.emmentaler.ch\/it\/wp-json\/wp\/v2\/categories?post=139283"},{"taxonomy":"post_tag","embeddable":true,"href":"https:\/\/www.emmentaler.ch\/it\/wp-json\/wp\/v2\/tags?post=139283"},{"taxonomy":"et_countries","embeddable":true,"href":"https:\/\/www.emmentaler.ch\/it\/wp-json\/wp\/v2\/et_countries?post=139283"}],"curies":[{"name":"wp","href":"https:\/\/api.w.org\/{rel}","templated":true}]}}